{"id":9767,"date":"2023-12-28T12:59:03","date_gmt":"2023-12-28T11:59:03","guid":{"rendered":"https:\/\/projectes.xtec.cat\/acollidasuport\/?p=9767"},"modified":"2024-04-12T13:36:17","modified_gmt":"2024-04-12T11:36:17","slug":"iii-jornada-sobre-les-teories-linguistiques-i-lensenyament-de-l2-le-la-cap-al-dialeg-entre-la-recerca-a-laula-i-la-docencia","status":"publish","type":"post","link":"https:\/\/projectes.xtec.cat\/acollidasuport\/portada\/iii-jornada-sobre-les-teories-linguistiques-i-lensenyament-de-l2-le-la-cap-al-dialeg-entre-la-recerca-a-laula-i-la-docencia\/","title":{"rendered":"III Jornada sobre les teories ling\u00fc\u00edstiques i l\u2019ensenyament de L2\/LE\/LA: cap al di\u00e0leg entre la recerca a l\u2019aula i la doc\u00e8ncia"},"content":{"rendered":"<p><a href=\"https:\/\/projectes.xtec.cat\/acollidasuport\/wp-content\/uploads\/usu2169\/2023\/12\/ANSU-1.png\"><img loading=\"lazy\" decoding=\"async\" class=\" wp-image-9769 alignleft\" src=\"https:\/\/projectes.xtec.cat\/acollidasuport\/wp-content\/uploads\/usu2169\/2023\/12\/ANSU-1.png\" alt=\"\" width=\"504\" height=\"224\" srcset=\"https:\/\/projectes.xtec.cat\/acollidasuport\/wp-content\/uploads\/usu2169\/2023\/12\/ANSU-1.png 450w, https:\/\/projectes.xtec.cat\/acollidasuport\/wp-content\/uploads\/usu2169\/2023\/12\/ANSU-1-300x133.png 300w\" sizes=\"auto, (max-width: 504px) 100vw, 504px\" \/><\/a>El proper divendres 9 de febrer de 2024 es dura a terme la &#8220;III Jornada sobre les teories ling\u00fc\u00edstiques i l\u2019ensenyament de L2\/LE\/LA: cap al di\u00e0leg entre la recerca a l\u2019aula i la doc\u00e8ncia&#8221; en l\u00ednia (webinar Zoom).<\/p>\n<p>La jornada t\u00e9 com a principal objectiu reflexionar sobre la recerca en ensenyament-aprenentatge de lleng\u00fces (L2\/LE\/LA) a l\u2019aula i explorar els aspectes que cal tenir en compte per dur recerca a l\u2019aula: reptes i vies de col\u00b7laboraci\u00f3 amb investigadors i docents.<\/p>\n<p>La inscripci\u00f3 \u00e9s gratu\u00efta, per\u00f2 per assistir-hi cal fer la inscripci\u00f3 a trav\u00e9s d\u2019aquest <a href=\"https:\/\/docs.google.com\/forms\/d\/e\/1FAIpQLSdkS5quv0mTTO-UVEkRwCxPNrmw0FsDyq-KWbHiCTO2NKH6LQ\/viewform\"><strong>enlla\u00e7<\/strong><\/a>.<\/p>\n<p><strong><a href=\"https:\/\/projectes.xtec.cat\/acollidasuport\/wp-content\/uploads\/usu2169\/2023\/12\/cartell-III-Jornada-CLE.pdf\">cartell-III-Jornada-CLE<\/a><\/strong><\/p>\n","protected":false},"excerpt":{"rendered":"<p>El proper divendres 9 de febrer de 2024 es dura a terme la &#8220;III Jornada sobre les teories ling\u00fc\u00edstiques i l\u2019ensenyament de L2\/LE\/LA: cap al di\u00e0leg entre la recerca a l\u2019aula i la doc\u00e8ncia&#8221; en l\u00ednia (webinar Zoom).&hellip;  <a href=\"https:\/\/projectes.xtec.cat\/acollidasuport\/portada\/iii-jornada-sobre-les-teories-linguistiques-i-lensenyament-de-l2-le-la-cap-al-dialeg-entre-la-recerca-a-laula-i-la-docencia\/\" title=\"Read III Jornada sobre les teories ling\u00fc\u00edstiques i l\u2019ensenyament de L2\/LE\/LA: cap al di\u00e0leg entre la recerca a l\u2019aula i la doc\u00e8ncia\">Llegeix m\u00e9s\u00bb<\/a><\/p>\n","protected":false},"author":1,"featured_media":9769,"comment_status":"open","ping_status":"closed","sticky":false,"template":"","format":"standard","meta":{"_bbp_topic_count":0,"_bbp_reply_count":0,"_bbp_total_topic_count":0,"_bbp_total_reply_count":0,"_bbp_voice_count":0,"_bbp_anonymous_reply_count":0,"_bbp_topic_count_hidden":0,"_bbp_reply_count_hidden":0,"_bbp_forum_subforum_count":0,"footnotes":""},"categories":[154,29],"tags":[351,524,378],"class_list":["post-9767","post","type-post","status-publish","format-standard","has-post-thumbnail","hentry","category-formacio","category-portada","tag-aprenentatge","tag-jornada","tag-suport-linguistic-i-social"],"post_mailing_queue_ids":[],"_links":{"self":[{"href":"https:\/\/projectes.xtec.cat\/acollidasuport\/wp-json\/wp\/v2\/posts\/9767","targetHints":{"allow":["GET"]}}],"collection":[{"href":"https:\/\/projectes.xtec.cat\/acollidasuport\/wp-json\/wp\/v2\/posts"}],"about":[{"href":"https:\/\/projectes.xtec.cat\/acollidasuport\/wp-json\/wp\/v2\/types\/post"}],"author":[{"embeddable":true,"href":"https:\/\/projectes.xtec.cat\/acollidasuport\/wp-json\/wp\/v2\/users\/1"}],"replies":[{"embeddable":true,"href":"https:\/\/projectes.xtec.cat\/acollidasuport\/wp-json\/wp\/v2\/comments?post=9767"}],"version-history":[{"count":2,"href":"https:\/\/projectes.xtec.cat\/acollidasuport\/wp-json\/wp\/v2\/posts\/9767\/revisions"}],"predecessor-version":[{"id":9771,"href":"https:\/\/projectes.xtec.cat\/acollidasuport\/wp-json\/wp\/v2\/posts\/9767\/revisions\/9771"}],"wp:featuredmedia":[{"embeddable":true,"href":"https:\/\/projectes.xtec.cat\/acollidasuport\/wp-json\/wp\/v2\/media\/9769"}],"wp:attachment":[{"href":"https:\/\/projectes.xtec.cat\/acollidasuport\/wp-json\/wp\/v2\/media?parent=9767"}],"wp:term":[{"taxonomy":"category","embeddable":true,"href":"https:\/\/projectes.xtec.cat\/acollidasuport\/wp-json\/wp\/v2\/categories?post=9767"},{"taxonomy":"post_tag","embeddable":true,"href":"https:\/\/projectes.xtec.cat\/acollidasuport\/wp-json\/wp\/v2\/tags?post=9767"}],"curies":[{"name":"wp","href":"https:\/\/api.w.org\/{rel}","templated":true}]}}