{"id":9819,"date":"2024-02-02T13:00:15","date_gmt":"2024-02-02T12:00:15","guid":{"rendered":"https:\/\/projectes.xtec.cat\/acollidasuport\/?p=9819"},"modified":"2024-04-12T13:34:57","modified_gmt":"2024-04-12T11:34:57","slug":"celebracio-de-lany-nou-xines-o-festa-de-la-primavera-%e6%98%a5%e8%8a%82-chunjie-2024","status":"publish","type":"post","link":"https:\/\/projectes.xtec.cat\/acollidasuport\/general\/celebracio-de-lany-nou-xines-o-festa-de-la-primavera-%e6%98%a5%e8%8a%82-chunjie-2024\/","title":{"rendered":"Celebraci\u00f3 de l&#8217;Any Nou Xin\u00e8s o Festa de la Primavera (\u6625\u8282 ch\u016bnji\u00e9) 2024"},"content":{"rendered":"<p><img loading=\"lazy\" decoding=\"async\" class=\"alignleft wp-image-9821 size-full\" src=\"https:\/\/projectes.xtec.cat\/acollidasuport\/wp-content\/uploads\/usu2169\/2024\/02\/Any-nou-xines-2024_.png\" alt=\"\" width=\"450\" height=\"200\" srcset=\"https:\/\/projectes.xtec.cat\/acollidasuport\/wp-content\/uploads\/usu2169\/2024\/02\/Any-nou-xines-2024_.png 450w, https:\/\/projectes.xtec.cat\/acollidasuport\/wp-content\/uploads\/usu2169\/2024\/02\/Any-nou-xines-2024_-300x133.png 300w\" sizes=\"auto, (max-width: 450px) 100vw, 450px\" \/>El calendari lunar tradicional xin\u00e8s \u00e9s un calendari molt antic que t\u00e9 els or\u00edgens en la dinastia Xia (segles XXI-XVI aC). El primer dia de l\u2019any, anomenat <b><i>Chunjie<\/i><\/b> (\u6625\u8282) o festa de la primavera, \u00e9s la celebraci\u00f3 m\u00e9s important de les comunitats sinoparlants d\u2019arreu del m\u00f3n.<\/p>\n<p>La data de celebraci\u00f3 de l\u2019any nou varia en funci\u00f3 del calendari lunar. Els mesos comencen amb la lluna nova i acaben el dia abans de la lluna nova seg\u00fcent. Els anys s\u2019inauguren la segona o tercera lluna nova despr\u00e9s del solstici d\u2019hivern. \u00c9s per aix\u00f2 que els anys de dotze mesos del calendari occidental o gregori\u00e0 no coincideixen amb els anys del calendari lunar.<\/p>\n<p>Enguany, <i>el <\/i><b><i>Chunjie<\/i><\/b> \u00e9s el dia <b>10 de febrer<\/b>; la comunitat xinesa dona la benvinguda a l\u2019any del drac, un dels dotze animals de l\u2019hor\u00f2scop xin\u00e8s. El signe del drac (\u9f99 l\u00f3ng) simbolitza l\u2019honor, el poder i el prestigi. L\u2019animal de l\u2019hor\u00f2scop es vincula cada any a un dels cinc elements (aigua, fusta, metall, terra o foc). L\u2019element que marcar\u00e0 el 2024 ser\u00e0 la fusta, que representa la imaginaci\u00f3, l\u2019adaptabilitat, el progr\u00e9s i l\u2019energia vital.<\/p>\n<figure class=\"figure wp-caption alignleft\"><img loading=\"lazy\" decoding=\"async\" class=\"wp-image-9820 size-medium\" src=\"https:\/\/projectes.xtec.cat\/acollidasuport\/wp-content\/uploads\/usu2169\/2024\/02\/horoscop-xines-drac-300x257.jpg\" alt=\"\" width=\"300\" height=\"257\" srcset=\"https:\/\/projectes.xtec.cat\/acollidasuport\/wp-content\/uploads\/usu2169\/2024\/02\/horoscop-xines-drac-300x257.jpg 300w, https:\/\/projectes.xtec.cat\/acollidasuport\/wp-content\/uploads\/usu2169\/2024\/02\/horoscop-xines-drac-768x657.jpg 768w, https:\/\/projectes.xtec.cat\/acollidasuport\/wp-content\/uploads\/usu2169\/2024\/02\/horoscop-xines-drac.jpg 818w\" sizes=\"auto, (max-width: 300px) 100vw, 300px\" \/><figcaption class=\"wp-caption-text\">Drac hor\u00f2scop xin\u00e8s. Font: Institut Confuci. Universitat de Val\u00e8ncia<\/figcaption><\/figure>\n<p>\u00c9s tradici\u00f3 per comen\u00e7ar l\u2019any amb bona fortuna: netejar b\u00e9 la casa, penjar un cartell vermell (el color vermell representa sort, for\u00e7a i prosperitat) amb el car\u00e0cter xin\u00e8s s\u00edmbol de la felicitat a la porta d\u2019entrada de l\u2019habitatge, i comprar i estrenar roba.<\/p>\n<p>Tamb\u00e9 \u00e9s costum que els adults que ja treballen regalen un sobre vermell (\u7ea2\u5305 h\u00f3ngb\u0101o)\u00a0 amb diners als qui no poden treballar, i si aquests s\u00f3n menors, han de guardar el sobre fins a la majoria d\u2019edat o b\u00e9 lliurar-lo a algun altre membre adult de la fam\u00edlia que necessiti els diners.<\/p>\n<p>Les fam\u00edlies es reuneixen per celebrar l\u2019inici de l\u2019any nou i ho celebren preparant \u00e0pats abundants amb productes preuats o molt elaborats, com per exemple, la sopa de saliva d\u2019ocell i la llagosta arrebossada, a m\u00e9s de les famoses crestes (<i>gyozas<\/i>) i d\u2019altres plats que aporten salut al cos, com la sopa d\u2019all i la sopa de gingebre.<\/p>\n<p>Tamb\u00e9 s\u2019organitzen celebracions al carrer on es convoca el ve\u00efnat perqu\u00e8 participi i admiri les desfilades del ball del drac i del lle\u00f3, els petards i els focs artificials que es despleguen per espantar els mals esperits i atraure la bona fortuna.<\/p>\n<p>Podeu consultar<a href=\"https:\/\/www.uv.es\/uvweb\/institut-confuci-uv\/ca\/institut-confuci\/festa-primavera-any-nou-xines-narrat-traves-espill-occidental-1285919278217\/GasetaRecerca.html?id=1286065068407\" target=\"_blank\" rel=\"noopener\"> <b>aquesta p\u00e0gina<\/b><\/a> per a una informaci\u00f3 m\u00e9s detallada sobre la celebraci\u00f3 d\u2019aquesta festa. Tamb\u00e9 podeu consultar l\u2019oferta d\u2019activitats que es duen a terme per celebrar l\u2019inici de l\u2019Any del drac en <a href=\"https:\/\/www.anynouxines.barcelona\/cat\/activitats-2024\/activitats-paralleles\" target=\"_blank\" rel=\"noopener\"><b>aquest enlla\u00e7<\/b><\/a> i les activitats que proposa <a href=\"https:\/\/www.casaasia.cat\/activitats\/educacion\/\" target=\"_blank\" rel=\"noopener\"><b>Casa \u00c0sia<\/b><\/a><b>\u00a0<\/b><\/p>\n<p>L\u2019aula \u00e9s un espai d\u2019inclusivitat per excel\u00b7l\u00e8ncia, on cal recon\u00e8ixer la diversitat cultural a partir del respecte i el di\u00e0leg i gaudir d\u2019aquesta festa amb el vostre alumnat \u00e9s una bona manera de fer-ho possible. Us proposem un seguit d\u2019<a href=\"https:\/\/projectes.xtec.cat\/acollidasuport\/wp-content\/uploads\/usu2169\/2024\/02\/Any-nou-xines-2024_.pdf\" target=\"_blank\" rel=\"noopener\"><strong>activitats per fer a l\u2019aula<\/strong><\/a> o al centre educatiu. Si al vostre municipi o centre hi ha una important comunitat d\u2019origen xin\u00e8s, compteu amb la seva col\u00b7laboraci\u00f3 i feu-los part\u00edcips a l\u2019hora d\u2019organitzar o dinamitzar algunes de les activitats que proposeu treballar.<\/p>\n<p><a href=\"https:\/\/projectes.xtec.cat\/acollidasuport\/wp-content\/uploads\/usu2169\/2024\/02\/Any-nou-xines-2024_.pdf\" target=\"_blank\" rel=\"noopener\"><img loading=\"lazy\" decoding=\"async\" class=\"aligncenter wp-image-8526 size-thumbnail\" src=\"https:\/\/projectes.xtec.cat\/acollidasuport\/wp-content\/uploads\/usu2169\/2020\/10\/pdf-150x150.png\" alt=\"\" width=\"150\" height=\"150\" \/><\/a><\/p>\n","protected":false},"excerpt":{"rendered":"<p>El calendari lunar tradicional xin\u00e8s \u00e9s un calendari molt antic que t\u00e9 els or\u00edgens en la dinastia Xia (segles XXI-XVI aC). El primer dia de l\u2019any, anomenat Chunjie (\u6625\u8282) o festa de la primavera, \u00e9s la celebraci\u00f3 m\u00e9s important de les comunitats sinoparlants d\u2019arreu del&hellip;  <a href=\"https:\/\/projectes.xtec.cat\/acollidasuport\/general\/celebracio-de-lany-nou-xines-o-festa-de-la-primavera-%e6%98%a5%e8%8a%82-chunjie-2024\/\" title=\"Read Celebraci\u00f3 de l&#8217;Any Nou Xin\u00e8s o Festa de la Primavera (\u6625\u8282 ch\u016bnji\u00e9) 2024\">Llegeix m\u00e9s\u00bb<\/a><\/p>\n","protected":false},"author":1,"featured_media":9821,"comment_status":"closed","ping_status":"closed","sticky":false,"template":"","format":"standard","meta":{"_bbp_topic_count":0,"_bbp_reply_count":0,"_bbp_total_topic_count":0,"_bbp_total_reply_count":0,"_bbp_voice_count":0,"_bbp_anonymous_reply_count":0,"_bbp_topic_count_hidden":0,"_bbp_reply_count_hidden":0,"_bbp_forum_subforum_count":0,"footnotes":""},"categories":[287,1,29],"tags":[337,364],"class_list":["post-9819","post","type-post","status-publish","format-standard","has-post-thumbnail","hentry","category-acollida","category-general","category-portada","tag-celebracions","tag-interculturalitat"],"post_mailing_queue_ids":[],"_links":{"self":[{"href":"https:\/\/projectes.xtec.cat\/acollidasuport\/wp-json\/wp\/v2\/posts\/9819","targetHints":{"allow":["GET"]}}],"collection":[{"href":"https:\/\/projectes.xtec.cat\/acollidasuport\/wp-json\/wp\/v2\/posts"}],"about":[{"href":"https:\/\/projectes.xtec.cat\/acollidasuport\/wp-json\/wp\/v2\/types\/post"}],"author":[{"embeddable":true,"href":"https:\/\/projectes.xtec.cat\/acollidasuport\/wp-json\/wp\/v2\/users\/1"}],"replies":[{"embeddable":true,"href":"https:\/\/projectes.xtec.cat\/acollidasuport\/wp-json\/wp\/v2\/comments?post=9819"}],"version-history":[{"count":2,"href":"https:\/\/projectes.xtec.cat\/acollidasuport\/wp-json\/wp\/v2\/posts\/9819\/revisions"}],"predecessor-version":[{"id":9824,"href":"https:\/\/projectes.xtec.cat\/acollidasuport\/wp-json\/wp\/v2\/posts\/9819\/revisions\/9824"}],"wp:featuredmedia":[{"embeddable":true,"href":"https:\/\/projectes.xtec.cat\/acollidasuport\/wp-json\/wp\/v2\/media\/9821"}],"wp:attachment":[{"href":"https:\/\/projectes.xtec.cat\/acollidasuport\/wp-json\/wp\/v2\/media?parent=9819"}],"wp:term":[{"taxonomy":"category","embeddable":true,"href":"https:\/\/projectes.xtec.cat\/acollidasuport\/wp-json\/wp\/v2\/categories?post=9819"},{"taxonomy":"post_tag","embeddable":true,"href":"https:\/\/projectes.xtec.cat\/acollidasuport\/wp-json\/wp\/v2\/tags?post=9819"}],"curies":[{"name":"wp","href":"https:\/\/api.w.org\/{rel}","templated":true}]}}