{"id":9825,"date":"2024-02-05T09:00:44","date_gmt":"2024-02-05T08:00:44","guid":{"rendered":"https:\/\/projectes.xtec.cat\/acollidasuport\/?p=9825"},"modified":"2024-04-11T17:21:47","modified_gmt":"2024-04-11T15:21:47","slug":"llengua-materna-llengua-nativa-i-llengua-inicial-llorenc-comajoan-colome","status":"publish","type":"post","link":"https:\/\/projectes.xtec.cat\/acollidasuport\/portada\/llengua-materna-llengua-nativa-i-llengua-inicial-llorenc-comajoan-colome\/","title":{"rendered":"Llengua materna, llengua nativa i llengua inicial. Lloren\u00e7 Comajoan-Colom\u00e9"},"content":{"rendered":"<p><img loading=\"lazy\" decoding=\"async\" class=\" wp-image-9826 alignright\" src=\"https:\/\/projectes.xtec.cat\/acollidasuport\/wp-content\/uploads\/usu2169\/2024\/02\/Autobiografies-linguistiques.-La-llengua-transitada-300x133.png\" alt=\"\" width=\"388\" height=\"172\" srcset=\"https:\/\/projectes.xtec.cat\/acollidasuport\/wp-content\/uploads\/usu2169\/2024\/02\/Autobiografies-linguistiques.-La-llengua-transitada-300x133.png 300w, https:\/\/projectes.xtec.cat\/acollidasuport\/wp-content\/uploads\/usu2169\/2024\/02\/Autobiografies-linguistiques.-La-llengua-transitada.png 450w\" sizes=\"auto, (max-width: 388px) 100vw, 388px\" \/>Us recomanem la visualitzaci\u00f3 de la c\u00e0psula de reflexi\u00f3 que ha elaborat en Lloren\u00e7 Comajoan-Colom\u00e9 en qu\u00e8 planteja l\u2019impacte en educaci\u00f3 dels conceptes als quals tradicionalment ens hem referit com a <strong>\u201cllengua materna o nativa\u201d<\/strong> i <strong>\u201cllengua segona o estrangera\u201d<\/strong>. L\u2019autor proposa la necessitat, en els entorns de diversitat socioling\u00fc\u00edstica actual, d\u2019usar conceptes m\u00e9s precisos: llengua inicial o primera, llengua habitual, llengua d\u2019identificaci\u00f3 i llengua addicional.<\/p>\n<p>En\u00a0<a href=\"https:\/\/youtu.be\/yRgmuz1YLTg\" target=\"_blank\" rel=\"noopener\"><strong>aquest v\u00eddeo<\/strong><\/a>\u00a0i en\u00a0<a href=\"https:\/\/projectes.xtec.cat\/usdelallengua\/wp-content\/uploads\/usu2313\/2024\/01\/Article-Llorenc-Comajoan-Colome_.pdf\" target=\"_blank\" rel=\"noopener\"><strong>aquest article<\/strong><\/a>, Lloren\u00e7 Comajoan-Colom\u00e9 explica els conceptes esmentats i ens convida a reflexionar sobre la import\u00e0ncia de tenir-los en compte per fomentar la motivaci\u00f3 per aprendre del nostre alumnat i per garantir que pugui assolir el proc\u00e9s complet d\u2019adquisici\u00f3 i aprenentatge de la llengua catalana.<\/p>\n<p>Si voleu anar seguint totes les c\u00e0psules de reflexi\u00f3 elaborades per experts us recomanem la subscripci\u00f3 al <a href=\"https:\/\/projectes.xtec.cat\/usdelallengua\/\"><strong>Nodes d&#8217;Usos Ling\u00fc\u00edstics<\/strong><\/a>.<\/p>\n<p><iframe loading=\"lazy\" title=\"YouTube video player\" src=\"https:\/\/www.youtube.com\/embed\/yRgmuz1YLTg?si=nb0JxtLs1oI1WUQf\" width=\"560\" height=\"315\" frameborder=\"0\" allowfullscreen=\"allowfullscreen\"><\/iframe><\/p>\n","protected":false},"excerpt":{"rendered":"<p>En\u00a0aquest v\u00eddeo\u00a0i en\u00a0aquest article, Lloren\u00e7 Comajoan-Colom\u00e9 explica els conceptes esmentats i ens convida a reflexionar sobre la import\u00e0ncia de tenir-los en compte per fomentar la motivaci\u00f3 per aprendre del nostre alumnat i per garantir que pugui assolir el proc\u00e9s complet d\u2019adquisici\u00f3 i aprenentatge de la llengua catalana.&hellip;  <a href=\"https:\/\/projectes.xtec.cat\/acollidasuport\/portada\/llengua-materna-llengua-nativa-i-llengua-inicial-llorenc-comajoan-colome\/\" title=\"Read Llengua materna, llengua nativa i llengua inicial. Lloren\u00e7 Comajoan-Colom\u00e9\">Llegeix m\u00e9s\u00bb<\/a><\/p>\n","protected":false},"author":1,"featured_media":9826,"comment_status":"open","ping_status":"closed","sticky":false,"template":"","format":"standard","meta":{"_bbp_topic_count":0,"_bbp_reply_count":0,"_bbp_total_topic_count":0,"_bbp_total_reply_count":0,"_bbp_voice_count":0,"_bbp_anonymous_reply_count":0,"_bbp_topic_count_hidden":0,"_bbp_reply_count_hidden":0,"_bbp_forum_subforum_count":0,"footnotes":""},"categories":[287,29],"tags":[351,396],"class_list":["post-9825","post","type-post","status-publish","format-standard","has-post-thumbnail","hentry","category-acollida","category-portada","tag-aprenentatge","tag-diversitat"],"post_mailing_queue_ids":[],"_links":{"self":[{"href":"https:\/\/projectes.xtec.cat\/acollidasuport\/wp-json\/wp\/v2\/posts\/9825","targetHints":{"allow":["GET"]}}],"collection":[{"href":"https:\/\/projectes.xtec.cat\/acollidasuport\/wp-json\/wp\/v2\/posts"}],"about":[{"href":"https:\/\/projectes.xtec.cat\/acollidasuport\/wp-json\/wp\/v2\/types\/post"}],"author":[{"embeddable":true,"href":"https:\/\/projectes.xtec.cat\/acollidasuport\/wp-json\/wp\/v2\/users\/1"}],"replies":[{"embeddable":true,"href":"https:\/\/projectes.xtec.cat\/acollidasuport\/wp-json\/wp\/v2\/comments?post=9825"}],"version-history":[{"count":3,"href":"https:\/\/projectes.xtec.cat\/acollidasuport\/wp-json\/wp\/v2\/posts\/9825\/revisions"}],"predecessor-version":[{"id":9829,"href":"https:\/\/projectes.xtec.cat\/acollidasuport\/wp-json\/wp\/v2\/posts\/9825\/revisions\/9829"}],"wp:featuredmedia":[{"embeddable":true,"href":"https:\/\/projectes.xtec.cat\/acollidasuport\/wp-json\/wp\/v2\/media\/9826"}],"wp:attachment":[{"href":"https:\/\/projectes.xtec.cat\/acollidasuport\/wp-json\/wp\/v2\/media?parent=9825"}],"wp:term":[{"taxonomy":"category","embeddable":true,"href":"https:\/\/projectes.xtec.cat\/acollidasuport\/wp-json\/wp\/v2\/categories?post=9825"},{"taxonomy":"post_tag","embeddable":true,"href":"https:\/\/projectes.xtec.cat\/acollidasuport\/wp-json\/wp\/v2\/tags?post=9825"}],"curies":[{"name":"wp","href":"https:\/\/api.w.org\/{rel}","templated":true}]}}