{"id":9830,"date":"2024-02-06T09:58:38","date_gmt":"2024-02-06T08:58:38","guid":{"rendered":"https:\/\/projectes.xtec.cat\/acollidasuport\/?p=9830"},"modified":"2024-04-12T13:34:17","modified_gmt":"2024-04-12T11:34:17","slug":"presentacio-del-nou-numero-de-la-linguapax-review-llengues-dherencia-i-benestar-dels-seus-parlants","status":"publish","type":"post","link":"https:\/\/projectes.xtec.cat\/acollidasuport\/general\/presentacio-del-nou-numero-de-la-linguapax-review-llengues-dherencia-i-benestar-dels-seus-parlants\/","title":{"rendered":"Presentaci\u00f3 del nou n\u00famero de la Linguapax Review: Lleng\u00fces d\u2019her\u00e8ncia i benestar dels seus parlants"},"content":{"rendered":"<p><img loading=\"lazy\" decoding=\"async\" class=\" wp-image-9831 alignleft\" src=\"https:\/\/projectes.xtec.cat\/acollidasuport\/wp-content\/uploads\/usu2169\/2024\/02\/Outlook-Cartell-Ll-212x300.jpg\" alt=\"\" width=\"241\" height=\"341\" srcset=\"https:\/\/projectes.xtec.cat\/acollidasuport\/wp-content\/uploads\/usu2169\/2024\/02\/Outlook-Cartell-Ll-212x300.jpg 212w, https:\/\/projectes.xtec.cat\/acollidasuport\/wp-content\/uploads\/usu2169\/2024\/02\/Outlook-Cartell-Ll-724x1024.jpg 724w, https:\/\/projectes.xtec.cat\/acollidasuport\/wp-content\/uploads\/usu2169\/2024\/02\/Outlook-Cartell-Ll-768x1086.jpg 768w, https:\/\/projectes.xtec.cat\/acollidasuport\/wp-content\/uploads\/usu2169\/2024\/02\/Outlook-Cartell-Ll-1086x1536.jpg 1086w, https:\/\/projectes.xtec.cat\/acollidasuport\/wp-content\/uploads\/usu2169\/2024\/02\/Outlook-Cartell-Ll-1448x2048.jpg 1448w, https:\/\/projectes.xtec.cat\/acollidasuport\/wp-content\/uploads\/usu2169\/2024\/02\/Outlook-Cartell-Ll.jpg 1587w\" sizes=\"auto, (max-width: 241px) 100vw, 241px\" \/>El\u00a0n\u00famero 11 de\u00a0<a href=\"http:\/\/chrome-extension:\/\/efaidnbmnnnibpcajpcglclefindmkaj\/https:\/\/www.linguapax.org\/wp-content\/uploads\/2024\/01\/Linguapax-2023-baixa.pdf\"><strong>Linguapax Review<\/strong><\/a> est\u00e0 dedicat a la relaci\u00f3 entre l\u2019\u00fas de les lleng\u00fces d\u2019her\u00e8ncia i el benestar f\u00edsic, psicol\u00f2gic i social de qui les parla. Amb exemples extrets de comunitats diverses arreu del m\u00f3n, els articles exploren tant l\u2019aspecte positiu d\u2019aquesta relaci\u00f3 (el benestar de les persones que poden fer servir la seva llengua en el seu entorn, o d&#8217;haver-la recuperat gr\u00e0cies a un proc\u00e9s de revitalitzaci\u00f3) com el negatiu (el dolor de perdre la pr\u00f2pia llengua i el malestar que deriva de la seva marginalitzaci\u00f3).<\/p>\n<p>Aquest n\u00famero monogr\u00e0fic compta amb articles d&#8217;Alexandra Aikhenvald, Patrick Heinrich, Lorenzo Nespoli, Seira Machida, Justyna Majerska-Sznajder, Bart\u0142omiej Chromik, Justyna Olko, Marcelyn Oostendorp, Rehema Abiyo, Chuutsqa Layla Rorick i Enric Larreula.<\/p>\n<p>El dia <strong>20 de febrer<\/strong> a les <strong>18 hores<\/strong>, a la <strong>sala Pi i Sunyer de l\u2019Institut d\u2019Estudis Catalans<\/strong> (C. Carme 47, Barcelona) es far\u00e0 l\u2019acte de presentaci\u00f3 emmarcat en les activitats de <a href=\"https:\/\/www.linguapax.org\/\"><strong>Linguapax<\/strong><\/a> per al <a href=\"https:\/\/projectes.xtec.cat\/acollidasuport\/portada\/dia-internacional-de-la-llengua-materna-21-de-febrer\/\"><strong>Dia Internacional de la Llengua Materna<\/strong><\/a> i en la <a href=\"https:\/\/www.linguapax.org\/la-unesco-presenta-el-pla-daccio-global-per-a-la-decada-internacional-de-les-llengues-indigenes-2022-32\/\"><strong>D\u00e8cada Internacional de les Lleng\u00fces Ind\u00edgenes 2022-2032<\/strong><\/a>, comptar\u00e0 amb la participaci\u00f3 de Justyna Olko i Alexander Andrason, que van coordinar la revista, altres articulistes, entre els quals l\u2019escriptor catal\u00e0 Enric Larreula, que enguany celebra el 20\u00e9 aniversari de la publicaci\u00f3 del seu llibre <em>Dolor de llengua<\/em>, i el catedr\u00e0tic de la Universitat de Barcelona Emili Boix. L\u2019obertura anir\u00e0 a c\u00e0rrec de la presidenta de Linguapax, M\u00f2nica Pere\u00f1a, i el secretari de Pol\u00edtica Ling\u00fc\u00edstica de la Generalitat, Xavier Vila, far\u00e0 la cloenda.<\/p>\n<p>L\u2019acte \u00e9s obert al p\u00fablic i gratu\u00eft.<\/p>\n","protected":false},"excerpt":{"rendered":"<p>El dia 20 de febrer a les 18 hores, a la sala Pi i Sunyer de l\u2019Institut d\u2019Estudis Catalans (C. Carme 47, Barcelona) es far\u00e0 l\u2019acte de presentaci\u00f3 emmarcat en les activitats de Linguapax per al Dia Internacional de la Llengua Materna i en la D\u00e8cada Internacional de les Lleng\u00fces Ind\u00edgenes 2022-2032, comptar\u00e0 amb la participaci\u00f3 de Justyna Olko i Alexander Andrason, que van coordinar la revista, altres articulistes, entre els quals l\u2019escriptor catal\u00e0 Enric Larreula, que enguany celebra el 20\u00e9 aniversari de la publicaci\u00f3 del seu llibre Dolor de llengua, i el catedr\u00e0tic de la Universitat de Barcelona Emili Boix. L\u2019obertura anir\u00e0 a c\u00e0rrec de la presidenta de Linguapax, M\u00f2nica Pere\u00f1a, i el secretari de Pol\u00edtica Ling\u00fc\u00edstica de la Generalitat, Xavier Vila, far\u00e0 la cloenda.&hellip;  <a href=\"https:\/\/projectes.xtec.cat\/acollidasuport\/general\/presentacio-del-nou-numero-de-la-linguapax-review-llengues-dherencia-i-benestar-dels-seus-parlants\/\" title=\"Read Presentaci\u00f3 del nou n\u00famero de la Linguapax Review: Lleng\u00fces d\u2019her\u00e8ncia i benestar dels seus parlants\">Llegeix m\u00e9s\u00bb<\/a><\/p>\n","protected":false},"author":1,"featured_media":9831,"comment_status":"open","ping_status":"closed","sticky":false,"template":"","format":"standard","meta":{"_bbp_topic_count":0,"_bbp_reply_count":0,"_bbp_total_topic_count":0,"_bbp_total_reply_count":0,"_bbp_voice_count":0,"_bbp_anonymous_reply_count":0,"_bbp_topic_count_hidden":0,"_bbp_reply_count_hidden":0,"_bbp_forum_subforum_count":0,"footnotes":""},"categories":[1,29],"tags":[545,487],"class_list":["post-9830","post","type-post","status-publish","format-standard","has-post-thumbnail","hentry","category-general","category-portada","tag-difusio","tag-llengues-dorigen"],"post_mailing_queue_ids":[],"_links":{"self":[{"href":"https:\/\/projectes.xtec.cat\/acollidasuport\/wp-json\/wp\/v2\/posts\/9830","targetHints":{"allow":["GET"]}}],"collection":[{"href":"https:\/\/projectes.xtec.cat\/acollidasuport\/wp-json\/wp\/v2\/posts"}],"about":[{"href":"https:\/\/projectes.xtec.cat\/acollidasuport\/wp-json\/wp\/v2\/types\/post"}],"author":[{"embeddable":true,"href":"https:\/\/projectes.xtec.cat\/acollidasuport\/wp-json\/wp\/v2\/users\/1"}],"replies":[{"embeddable":true,"href":"https:\/\/projectes.xtec.cat\/acollidasuport\/wp-json\/wp\/v2\/comments?post=9830"}],"version-history":[{"count":2,"href":"https:\/\/projectes.xtec.cat\/acollidasuport\/wp-json\/wp\/v2\/posts\/9830\/revisions"}],"predecessor-version":[{"id":9833,"href":"https:\/\/projectes.xtec.cat\/acollidasuport\/wp-json\/wp\/v2\/posts\/9830\/revisions\/9833"}],"wp:featuredmedia":[{"embeddable":true,"href":"https:\/\/projectes.xtec.cat\/acollidasuport\/wp-json\/wp\/v2\/media\/9831"}],"wp:attachment":[{"href":"https:\/\/projectes.xtec.cat\/acollidasuport\/wp-json\/wp\/v2\/media?parent=9830"}],"wp:term":[{"taxonomy":"category","embeddable":true,"href":"https:\/\/projectes.xtec.cat\/acollidasuport\/wp-json\/wp\/v2\/categories?post=9830"},{"taxonomy":"post_tag","embeddable":true,"href":"https:\/\/projectes.xtec.cat\/acollidasuport\/wp-json\/wp\/v2\/tags?post=9830"}],"curies":[{"name":"wp","href":"https:\/\/api.w.org\/{rel}","templated":true}]}}