{"id":9926,"date":"2024-03-16T15:49:47","date_gmt":"2024-03-16T14:49:47","guid":{"rendered":"https:\/\/projectes.xtec.cat\/acollidasuport\/?p=9926"},"modified":"2024-04-12T13:32:28","modified_gmt":"2024-04-12T11:32:28","slug":"materials-per-ensenyar-i-aprendre-catala","status":"publish","type":"post","link":"https:\/\/projectes.xtec.cat\/acollidasuport\/portada\/materials-per-ensenyar-i-aprendre-catala\/","title":{"rendered":"Materials per ensenyar i aprendre catal\u00e0"},"content":{"rendered":"<p><img loading=\"lazy\" decoding=\"async\" class=\"alignleft wp-image-9927\" src=\"https:\/\/projectes.xtec.cat\/acollidasuport\/wp-content\/uploads\/usu2169\/2024\/03\/Materials-catala.png\" alt=\"\" width=\"330\" height=\"147\" srcset=\"https:\/\/projectes.xtec.cat\/acollidasuport\/wp-content\/uploads\/usu2169\/2024\/03\/Materials-catala.png 450w, https:\/\/projectes.xtec.cat\/acollidasuport\/wp-content\/uploads\/usu2169\/2024\/03\/Materials-catala-300x133.png 300w\" sizes=\"auto, (max-width: 330px) 100vw, 330px\" \/>Aquesta setmana, l&#8217;espai web <a href=\"https:\/\/projectes.xtec.cat\/usdelallengua\/\"><strong>Usos Ling\u00fc\u00edstics<\/strong><\/a> ha publicat la nova secci\u00f3, dins la pestanya <a href=\"https:\/\/projectes.xtec.cat\/usdelallengua\/recursos\/\"><strong>recursos<\/strong><\/a>, <strong><a href=\"https:\/\/projectes.xtec.cat\/usdelallengua\/catala\/\">Materials per ensenyar i aprendre catal\u00e0<\/a><\/strong>.<\/p>\n<p>En aquesta secci\u00f3 trobareu diferents enlla\u00e7os web, materials, documents, llibres, cursos, aplicacions en l\u00ednia, jocs, etc., els quals, basant-nos en els diferents nivells del Marc Europeu Com\u00fa de Refer\u00e8ncia, hem classificat de la seg\u00fcent manera:<\/p>\n<ul>\n<li>Materials A1-A2<\/li>\n<li>Materials B1<\/li>\n<li>Materials B2<\/li>\n<li>Materials C1<\/li>\n<li>Materials C2<\/li>\n<\/ul>\n<p>El ventall de recursos i materials seleccionats \u00e9s ampli i divers, cosa que permet trobar activitats diferents pel que fa al grau de dificultat, al suport o a l\u2019habilitat ling\u00fc\u00edstica a treballar.<\/p>\n<p>Les propostes recollides en aquesta nova secci\u00f3 estan pensades per ser utilitzades en diferents contextos: des de l\u2019autoaprenentatge fins a les pr\u00e0ctiques docents amb l\u2019alumnat a l\u2019aula.\u00a0Esperem que aquesta nova secci\u00f3 us sigui \u00fatil per trobar recursos per treballar a l&#8217;aula amb els vostres alumnes.<\/p>\n","protected":false},"excerpt":{"rendered":"<p>Aquesta setmana, l&#8217;espai web Usos Ling\u00fc\u00edstics ha publicat la nova secci\u00f3, dins la pestanya recursos, Materials per ensenyar i aprendre catal\u00e0.&hellip;  <a href=\"https:\/\/projectes.xtec.cat\/acollidasuport\/portada\/materials-per-ensenyar-i-aprendre-catala\/\" title=\"Read Materials per ensenyar i aprendre catal\u00e0\">Llegeix m\u00e9s\u00bb<\/a><\/p>\n","protected":false},"author":1,"featured_media":9927,"comment_status":"open","ping_status":"closed","sticky":false,"template":"","format":"standard","meta":{"_bbp_topic_count":0,"_bbp_reply_count":0,"_bbp_total_topic_count":0,"_bbp_total_reply_count":0,"_bbp_voice_count":0,"_bbp_anonymous_reply_count":0,"_bbp_topic_count_hidden":0,"_bbp_reply_count_hidden":0,"_bbp_forum_subforum_count":0,"footnotes":""},"categories":[29,76],"tags":[351],"class_list":["post-9926","post","type-post","status-publish","format-standard","has-post-thumbnail","hentry","category-portada","category-recursos","tag-aprenentatge"],"post_mailing_queue_ids":[],"_links":{"self":[{"href":"https:\/\/projectes.xtec.cat\/acollidasuport\/wp-json\/wp\/v2\/posts\/9926","targetHints":{"allow":["GET"]}}],"collection":[{"href":"https:\/\/projectes.xtec.cat\/acollidasuport\/wp-json\/wp\/v2\/posts"}],"about":[{"href":"https:\/\/projectes.xtec.cat\/acollidasuport\/wp-json\/wp\/v2\/types\/post"}],"author":[{"embeddable":true,"href":"https:\/\/projectes.xtec.cat\/acollidasuport\/wp-json\/wp\/v2\/users\/1"}],"replies":[{"embeddable":true,"href":"https:\/\/projectes.xtec.cat\/acollidasuport\/wp-json\/wp\/v2\/comments?post=9926"}],"version-history":[{"count":2,"href":"https:\/\/projectes.xtec.cat\/acollidasuport\/wp-json\/wp\/v2\/posts\/9926\/revisions"}],"predecessor-version":[{"id":9929,"href":"https:\/\/projectes.xtec.cat\/acollidasuport\/wp-json\/wp\/v2\/posts\/9926\/revisions\/9929"}],"wp:featuredmedia":[{"embeddable":true,"href":"https:\/\/projectes.xtec.cat\/acollidasuport\/wp-json\/wp\/v2\/media\/9927"}],"wp:attachment":[{"href":"https:\/\/projectes.xtec.cat\/acollidasuport\/wp-json\/wp\/v2\/media?parent=9926"}],"wp:term":[{"taxonomy":"category","embeddable":true,"href":"https:\/\/projectes.xtec.cat\/acollidasuport\/wp-json\/wp\/v2\/categories?post=9926"},{"taxonomy":"post_tag","embeddable":true,"href":"https:\/\/projectes.xtec.cat\/acollidasuport\/wp-json\/wp\/v2\/tags?post=9926"}],"curies":[{"name":"wp","href":"https:\/\/api.w.org\/{rel}","templated":true}]}}