{"id":9930,"date":"2024-03-20T13:58:23","date_gmt":"2024-03-20T12:58:23","guid":{"rendered":"https:\/\/projectes.xtec.cat\/acollidasuport\/?p=9930"},"modified":"2024-04-11T13:17:24","modified_gmt":"2024-04-11T11:17:24","slug":"dia-mundial-de-la-poesia-2024","status":"publish","type":"post","link":"https:\/\/projectes.xtec.cat\/acollidasuport\/general\/dia-mundial-de-la-poesia-2024\/","title":{"rendered":"Dia Mundial de la Poesia 2024"},"content":{"rendered":"<p><img loading=\"lazy\" decoding=\"async\" class=\"alignleft size-medium wp-image-9942\" src=\"https:\/\/projectes.xtec.cat\/acollidasuport\/wp-content\/uploads\/usu2169\/2024\/03\/dia-mundial-de-la-poesia-24-1-211x300.jpg\" alt=\"\" width=\"211\" height=\"300\" srcset=\"https:\/\/projectes.xtec.cat\/acollidasuport\/wp-content\/uploads\/usu2169\/2024\/03\/dia-mundial-de-la-poesia-24-1-211x300.jpg 211w, https:\/\/projectes.xtec.cat\/acollidasuport\/wp-content\/uploads\/usu2169\/2024\/03\/dia-mundial-de-la-poesia-24-1-720x1024.jpg 720w, https:\/\/projectes.xtec.cat\/acollidasuport\/wp-content\/uploads\/usu2169\/2024\/03\/dia-mundial-de-la-poesia-24-1-768x1093.jpg 768w, https:\/\/projectes.xtec.cat\/acollidasuport\/wp-content\/uploads\/usu2169\/2024\/03\/dia-mundial-de-la-poesia-24-1-1080x1536.jpg 1080w, https:\/\/projectes.xtec.cat\/acollidasuport\/wp-content\/uploads\/usu2169\/2024\/03\/dia-mundial-de-la-poesia-24-1-1439x2048.jpg 1439w, https:\/\/projectes.xtec.cat\/acollidasuport\/wp-content\/uploads\/usu2169\/2024\/03\/dia-mundial-de-la-poesia-24-1-scaled.jpg 1799w\" sizes=\"auto, (max-width: 211px) 100vw, 211px\" \/>El dia 21 de mar\u00e7 se celebra el Dia Mundial de la Poesia. Enguany, coincidint amb la celebraci\u00f3 de l&#8217;Any Estell\u00e9s, la <a href=\"https:\/\/cultura.gencat.cat\/ca\/ilc\/inici\/index.html\" target=\"_blank\" rel=\"noopener\"><strong>Instituci\u00f3 de les Lletres Catalanes<\/strong><\/a> i la <a href=\"https:\/\/www.fcacu-unesco.org\/\" target=\"_blank\" rel=\"noopener\"><strong>Federaci\u00f3 Catalana d&#8217;Associacions i Clubs Unesco<\/strong><\/a> han triat el poema &#8220;M&#8217;he estimat molt la vida&#8221; del poeta valenci\u00e0 Vicent Andr\u00e9s Estell\u00e9s com a eix central de la celebraci\u00f3.<\/p>\n<p>Us compartim el <a href=\"https:\/\/repositori.educacio.gencat.cat\/handle\/20.500.12694\/5717#page=2\" target=\"_blank\" rel=\"noopener\"><strong>repositori<\/strong><\/a> amb propostes did\u00e0ctiques que podeu treballar a l&#8217;aula i les traduccions del poema &#8220;M&#8217;he estimat molt la vida&#8221; a diverses lleng\u00fces &#8211;<a href=\"https:\/\/projectes.xtec.cat\/acollidasuport\/wp-content\/uploads\/usu2169\/2024\/03\/DMP24-amazic.pdf\" target=\"_blank\" rel=\"noopener\"><strong>amazic<\/strong><\/a>, <a href=\"https:\/\/projectes.xtec.cat\/acollidasuport\/wp-content\/uploads\/usu2169\/2024\/03\/DMP24-arab.pdf\" target=\"_blank\" rel=\"noopener\"><strong>\u00e0rab<\/strong><\/a>, <a href=\"https:\/\/projectes.xtec.cat\/acollidasuport\/wp-content\/uploads\/usu2169\/2024\/03\/DMP24-panjabi.pdf\" target=\"_blank\" rel=\"noopener\"><strong>panjabi<\/strong><\/a>,<a href=\"https:\/\/projectes.xtec.cat\/acollidasuport\/wp-content\/uploads\/usu2169\/2024\/03\/DMP24-ucraines.pdf\" target=\"_blank\" rel=\"noopener\"><strong> ucra\u00efn\u00e8s<\/strong><\/a>, <a href=\"https:\/\/projectes.xtec.cat\/acollidasuport\/wp-content\/uploads\/usu2169\/2024\/03\/DMP24-urdu.pdf\" target=\"_blank\" rel=\"noopener\"><strong>urd\u00fa<\/strong><\/a>, <a href=\"https:\/\/projectes.xtec.cat\/acollidasuport\/wp-content\/uploads\/usu2169\/2024\/03\/DMP24-wolof.pdf\" target=\"_blank\" rel=\"noopener\"><strong>w\u00f2lof<\/strong><\/a> i <a href=\"https:\/\/projectes.xtec.cat\/acollidasuport\/wp-content\/uploads\/usu2169\/2024\/03\/DMP24-xines.pdf\" target=\"_blank\" rel=\"noopener\"><strong>xin\u00e8s<\/strong><\/a>-,\u00a0 perqu\u00e8 les pugueu compartir i treballar amb el vostre alumnat.<\/p>\n<p>&nbsp;<\/p>\n<p>&nbsp;<\/p>\n<p>&nbsp;<\/p>\n<p>&nbsp;<\/p>\n","protected":false},"excerpt":{"rendered":"<p>El dia 21 de mar\u00e7 se celebra el Dia Mundial de la Poesia. Enguany, coincidint amb la celebraci\u00f3 de l&#8217;Any Estell\u00e9s, la <a href=\"https:\/\/cultura.gencat.cat\/ca\/ilc\/inici\/index.html\" target=\"_blank\" rel=\"noopener\">Instituci\u00f3 de les Lletres Catalanes<\/a> i la <a href=\"https:\/\/www.fcacu-unesco.org\/\" target=\"_blank\" rel=\"noopener\">Federaci\u00f3 Catalana d&#8217;Associacions i Clubs Unesco<\/a> han triat el poema&hellip;  <a href=\"https:\/\/projectes.xtec.cat\/acollidasuport\/general\/dia-mundial-de-la-poesia-2024\/\" title=\"Read Dia Mundial de la Poesia 2024\">Llegeix m\u00e9s\u00bb<\/a><\/p>\n","protected":false},"author":1,"featured_media":9942,"comment_status":"open","ping_status":"closed","sticky":false,"template":"","format":"standard","meta":{"_bbp_topic_count":0,"_bbp_reply_count":0,"_bbp_total_topic_count":0,"_bbp_total_reply_count":0,"_bbp_voice_count":0,"_bbp_anonymous_reply_count":0,"_bbp_topic_count_hidden":0,"_bbp_reply_count_hidden":0,"_bbp_forum_subforum_count":0,"footnotes":""},"categories":[1,29],"tags":[474],"class_list":["post-9930","post","type-post","status-publish","format-standard","has-post-thumbnail","hentry","category-general","category-portada","tag-dia-internacional"],"post_mailing_queue_ids":[],"_links":{"self":[{"href":"https:\/\/projectes.xtec.cat\/acollidasuport\/wp-json\/wp\/v2\/posts\/9930","targetHints":{"allow":["GET"]}}],"collection":[{"href":"https:\/\/projectes.xtec.cat\/acollidasuport\/wp-json\/wp\/v2\/posts"}],"about":[{"href":"https:\/\/projectes.xtec.cat\/acollidasuport\/wp-json\/wp\/v2\/types\/post"}],"author":[{"embeddable":true,"href":"https:\/\/projectes.xtec.cat\/acollidasuport\/wp-json\/wp\/v2\/users\/1"}],"replies":[{"embeddable":true,"href":"https:\/\/projectes.xtec.cat\/acollidasuport\/wp-json\/wp\/v2\/comments?post=9930"}],"version-history":[{"count":2,"href":"https:\/\/projectes.xtec.cat\/acollidasuport\/wp-json\/wp\/v2\/posts\/9930\/revisions"}],"predecessor-version":[{"id":9944,"href":"https:\/\/projectes.xtec.cat\/acollidasuport\/wp-json\/wp\/v2\/posts\/9930\/revisions\/9944"}],"wp:featuredmedia":[{"embeddable":true,"href":"https:\/\/projectes.xtec.cat\/acollidasuport\/wp-json\/wp\/v2\/media\/9942"}],"wp:attachment":[{"href":"https:\/\/projectes.xtec.cat\/acollidasuport\/wp-json\/wp\/v2\/media?parent=9930"}],"wp:term":[{"taxonomy":"category","embeddable":true,"href":"https:\/\/projectes.xtec.cat\/acollidasuport\/wp-json\/wp\/v2\/categories?post=9930"},{"taxonomy":"post_tag","embeddable":true,"href":"https:\/\/projectes.xtec.cat\/acollidasuport\/wp-json\/wp\/v2\/tags?post=9930"}],"curies":[{"name":"wp","href":"https:\/\/api.w.org\/{rel}","templated":true}]}}