{"id":9961,"date":"2024-04-05T09:01:57","date_gmt":"2024-04-05T07:01:57","guid":{"rendered":"https:\/\/projectes.xtec.cat\/acollidasuport\/?p=9961"},"modified":"2024-04-12T13:25:43","modified_gmt":"2024-04-12T11:25:43","slug":"diari-de-la-mobilitat-bolzano-escola-sant-jordi-lametlla-de-mar","status":"publish","type":"post","link":"https:\/\/projectes.xtec.cat\/acollidasuport\/portada\/diari-de-la-mobilitat-bolzano-escola-sant-jordi-lametlla-de-mar\/","title":{"rendered":"Diari de la mobilitat a Bolzano (Escola Sant Jordi &#8211; L&#8217;Ametlla de Mar)"},"content":{"rendered":"<p><img loading=\"lazy\" decoding=\"async\" class=\"alignleft size-full wp-image-9965\" src=\"https:\/\/projectes.xtec.cat\/acollidasuport\/wp-content\/uploads\/usu2169\/2024\/04\/Diari-mobilitat-Bolzano-M.Amparo-Rivero-Escola-Sant-Jordi.png\" alt=\"\" width=\"450\" height=\"200\" srcset=\"https:\/\/projectes.xtec.cat\/acollidasuport\/wp-content\/uploads\/usu2169\/2024\/04\/Diari-mobilitat-Bolzano-M.Amparo-Rivero-Escola-Sant-Jordi.png 450w, https:\/\/projectes.xtec.cat\/acollidasuport\/wp-content\/uploads\/usu2169\/2024\/04\/Diari-mobilitat-Bolzano-M.Amparo-Rivero-Escola-Sant-Jordi-300x133.png 300w\" sizes=\"auto, (max-width: 450px) 100vw, 450px\" \/>Avui us compartim el <a href=\"https:\/\/projectes.xtec.cat\/acollidasuport\/wp-content\/uploads\/usu2169\/2024\/04\/Diari-mobilitat-Bolzano-M.Amparo-Rivero-Escola-Sant-Jordi__.pdf\" target=\"_blank\" rel=\"noopener\"><strong>Diari de la mobilitat<\/strong><\/a> del <em>Job shadowing <\/em>que la docent M. Amparo Rivero G\u00f3mez, de l\u2019Escola Sant Jordi de L&#8217;Ametlla de Mar, va elaborar en el marc del programa Erasmus+ CETE+ durant l&#8217;estada a la zona educativa de Bozen \/ Bolzano, entre el 18 i el 23 de febrer. La M. Amparo i la resta de docents que formaven part del grup, van ser acollits a diversos centres educatius de Bolzano, Salorno i Egna, on van poder participar en algunes classes i van observar com es treballen les tres lleng\u00fces oficials de la zona (el lad\u00ed, l&#8217;alemany i l&#8217;itali\u00e0) i com acullen i acompanyen l&#8217;alumnat d&#8217;origen estranger.<\/p>\n<p>El\u00a0<em>Job shadowing<\/em> se centra en l\u2019aprenentatge entre iguals i consisteix a fer visites a centres educatius d\u2019altres pa\u00efsos amb l\u2019objectiu d\u2019observar i intercanviar experi\u00e8ncies que ens ajudin a millorar la nostra organitzaci\u00f3 i pr\u00e0ctica docent.<\/p>\n<p><a href=\"https:\/\/projectes.xtec.cat\/acollidasuport\/wp-content\/uploads\/usu2169\/2024\/04\/Diari-mobilitat-Bolzano-M.Amparo-Rivero-Escola-Sant-Jordi__.pdf\" target=\"_blank\" rel=\"noopener\"><img loading=\"lazy\" decoding=\"async\" class=\"alignleft wp-image-8526\" src=\"https:\/\/projectes.xtec.cat\/acollidasuport\/wp-content\/uploads\/usu2169\/2020\/10\/pdf-150x150.png\" alt=\"\" width=\"105\" height=\"124\" srcset=\"https:\/\/projectes.xtec.cat\/acollidasuport\/wp-content\/uploads\/usu2169\/2020\/10\/pdf-255x300.png 255w, https:\/\/projectes.xtec.cat\/acollidasuport\/wp-content\/uploads\/usu2169\/2020\/10\/pdf.png 385w\" sizes=\"auto, (max-width: 105px) 100vw, 105px\" \/><\/a><\/p>\n","protected":false},"excerpt":{"rendered":"<p>Avui us compartim el <a href=\"https:\/\/projectes.xtec.cat\/acollidasuport\/wp-content\/uploads\/usu2169\/2024\/04\/Diari-mobilitat-Bolzano-M.Amparo-Rivero-Escola-Sant-Jordi__.pdf\" target=\"_blank\" rel=\"noopener\">Diari de la mobilitat<\/a> del Job shadowing que la docent M. Amparo Rivero G\u00f3mez, de l\u2019Escola Sant Jordi de L&#8217;Ametlla de Mar, va elaborar en el marc del programa Erasmus+ CETE+ durant l&#8217;estada a la zona educativa de&hellip;  <a href=\"https:\/\/projectes.xtec.cat\/acollidasuport\/portada\/diari-de-la-mobilitat-bolzano-escola-sant-jordi-lametlla-de-mar\/\" title=\"Read Diari de la mobilitat a Bolzano (Escola Sant Jordi &#8211; L&#8217;Ametlla de Mar)\">Llegeix m\u00e9s\u00bb<\/a><\/p>\n","protected":false},"author":1,"featured_media":9965,"comment_status":"closed","ping_status":"closed","sticky":false,"template":"","format":"standard","meta":{"_bbp_topic_count":0,"_bbp_reply_count":0,"_bbp_total_topic_count":0,"_bbp_total_reply_count":0,"_bbp_voice_count":0,"_bbp_anonymous_reply_count":0,"_bbp_topic_count_hidden":0,"_bbp_reply_count_hidden":0,"_bbp_forum_subforum_count":0,"footnotes":""},"categories":[494,29],"tags":[499,495,496],"class_list":["post-9961","post","type-post","status-publish","format-standard","has-post-thumbnail","hentry","category-erasmus","category-portada","tag-cete","tag-erasmus","tag-esamtilc"],"post_mailing_queue_ids":[],"_links":{"self":[{"href":"https:\/\/projectes.xtec.cat\/acollidasuport\/wp-json\/wp\/v2\/posts\/9961","targetHints":{"allow":["GET"]}}],"collection":[{"href":"https:\/\/projectes.xtec.cat\/acollidasuport\/wp-json\/wp\/v2\/posts"}],"about":[{"href":"https:\/\/projectes.xtec.cat\/acollidasuport\/wp-json\/wp\/v2\/types\/post"}],"author":[{"embeddable":true,"href":"https:\/\/projectes.xtec.cat\/acollidasuport\/wp-json\/wp\/v2\/users\/1"}],"replies":[{"embeddable":true,"href":"https:\/\/projectes.xtec.cat\/acollidasuport\/wp-json\/wp\/v2\/comments?post=9961"}],"version-history":[{"count":6,"href":"https:\/\/projectes.xtec.cat\/acollidasuport\/wp-json\/wp\/v2\/posts\/9961\/revisions"}],"predecessor-version":[{"id":9975,"href":"https:\/\/projectes.xtec.cat\/acollidasuport\/wp-json\/wp\/v2\/posts\/9961\/revisions\/9975"}],"wp:featuredmedia":[{"embeddable":true,"href":"https:\/\/projectes.xtec.cat\/acollidasuport\/wp-json\/wp\/v2\/media\/9965"}],"wp:attachment":[{"href":"https:\/\/projectes.xtec.cat\/acollidasuport\/wp-json\/wp\/v2\/media?parent=9961"}],"wp:term":[{"taxonomy":"category","embeddable":true,"href":"https:\/\/projectes.xtec.cat\/acollidasuport\/wp-json\/wp\/v2\/categories?post=9961"},{"taxonomy":"post_tag","embeddable":true,"href":"https:\/\/projectes.xtec.cat\/acollidasuport\/wp-json\/wp\/v2\/tags?post=9961"}],"curies":[{"name":"wp","href":"https:\/\/api.w.org\/{rel}","templated":true}]}}