{"id":9976,"date":"2024-04-10T09:37:02","date_gmt":"2024-04-10T07:37:02","guid":{"rendered":"https:\/\/projectes.xtec.cat\/acollidasuport\/?p=9976"},"modified":"2024-04-11T11:38:18","modified_gmt":"2024-04-11T09:38:18","slug":"diari-de-la-mobilitat-a-bolzano-ins-jonqueres-sabadell","status":"publish","type":"post","link":"https:\/\/projectes.xtec.cat\/acollidasuport\/portada\/diari-de-la-mobilitat-a-bolzano-ins-jonqueres-sabadell\/","title":{"rendered":"Diari de la mobilitat a Bolzano (INS Jonqueres &#8211; Sabadell)"},"content":{"rendered":"<p><img loading=\"lazy\" decoding=\"async\" class=\"alignleft wp-image-9977 size-medium\" src=\"https:\/\/projectes.xtec.cat\/acollidasuport\/wp-content\/uploads\/usu2169\/2024\/04\/diari-mobilitat-Bolzano-Olga-Perez-INS-Jonqueres-300x169.png\" alt=\"\" width=\"300\" height=\"169\" srcset=\"https:\/\/projectes.xtec.cat\/acollidasuport\/wp-content\/uploads\/usu2169\/2024\/04\/diari-mobilitat-Bolzano-Olga-Perez-INS-Jonqueres-300x169.png 300w, https:\/\/projectes.xtec.cat\/acollidasuport\/wp-content\/uploads\/usu2169\/2024\/04\/diari-mobilitat-Bolzano-Olga-Perez-INS-Jonqueres-1024x577.png 1024w, https:\/\/projectes.xtec.cat\/acollidasuport\/wp-content\/uploads\/usu2169\/2024\/04\/diari-mobilitat-Bolzano-Olga-Perez-INS-Jonqueres-768x433.png 768w, https:\/\/projectes.xtec.cat\/acollidasuport\/wp-content\/uploads\/usu2169\/2024\/04\/diari-mobilitat-Bolzano-Olga-Perez-INS-Jonqueres.png 1517w\" sizes=\"auto, (max-width: 300px) 100vw, 300px\" \/>Avui us compartim el <a href=\"https:\/\/view.genial.ly\/65d6db6efd106c00149007d8\/presentation-mobilitat-erasmus-bolzano-2024\" target=\"_blank\" rel=\"noopener\"><strong>Diari de mobilitat<\/strong><\/a> del <em>Job shadowing<\/em> que la professora Olga R. P\u00e9rez Soriano, de l&#8217;Institut Jonqueres de Sabadell, ha elaborat en la mobilitat del programa Erasmus+ CETE+ a la zona educativa de Bolzano, situada al Tirol del Sud (It\u00e0lia). Al Diari de l&#8217;Olga P\u00e9rez hi trobareu informaci\u00f3 detallada del sistema educatiu de la zona (escola italiana, escola tedesca i escola ladina); del protocol d&#8217;acollida i acompanyament a l&#8217;alumnat nouvingut; del tractament que se&#8217;n fa de les tres lleng\u00fces oficials, i del funcionament de l&#8217;<em>aula ling\u00fcistica<\/em>. Tamb\u00e9 hi trobareu enlla\u00e7ats diversos documents d&#8217;inter\u00e8s i fotografies il\u00b7lustratives de l&#8217;estada.<\/p>\n<p>El\u00a0<em>Job shadowing<\/em> se centra en l\u2019aprenentatge entre iguals i consisteix a fer visites a centres educatius d\u2019altres pa\u00efsos amb l\u2019objectiu d\u2019observar i intercanviar experi\u00e8ncies que ens ajudin a millorar la nostra organitzaci\u00f3 i pr\u00e0ctica docent.<\/p>\n<p><a href=\"https:\/\/view.genial.ly\/65d6db6efd106c00149007d8\/presentation-mobilitat-erasmus-bolzano-2024\" target=\"_blank\" rel=\"noopener\"><img loading=\"lazy\" decoding=\"async\" class=\"alignleft wp-image-9810 size-full\" src=\"https:\/\/projectes.xtec.cat\/acollidasuport\/wp-content\/uploads\/usu2169\/2024\/01\/icona-presentacio.png\" alt=\"\" width=\"91\" height=\"105\" \/><\/a><\/p>\n","protected":false},"excerpt":{"rendered":"<p>Avui us compartim el <a href=\"https:\/\/view.genial.ly\/65d6db6efd106c00149007d8\/presentation-mobilitat-erasmus-bolzano-2024\" target=\"_blank\" rel=\"noopener\">Diari de mobilitat<\/a> del Job shadowing que la professora Olga R. P\u00e9rez Soriano, de l&#8217;Institut Jonqueres de Sabadell, ha elaborat en la mobilitat del programa Erasmus+ CETE+ a la zona educativa de Bolzano, situada al Tirol del Sud&hellip;  <a href=\"https:\/\/projectes.xtec.cat\/acollidasuport\/portada\/diari-de-la-mobilitat-a-bolzano-ins-jonqueres-sabadell\/\" title=\"Read Diari de la mobilitat a Bolzano (INS Jonqueres &#8211; Sabadell)\">Llegeix m\u00e9s\u00bb<\/a><\/p>\n","protected":false},"author":1,"featured_media":9977,"comment_status":"closed","ping_status":"closed","sticky":false,"template":"","format":"standard","meta":{"_bbp_topic_count":0,"_bbp_reply_count":0,"_bbp_total_topic_count":0,"_bbp_total_reply_count":0,"_bbp_voice_count":0,"_bbp_anonymous_reply_count":0,"_bbp_topic_count_hidden":0,"_bbp_reply_count_hidden":0,"_bbp_forum_subforum_count":0,"footnotes":""},"categories":[494,29],"tags":[499,495,496,497],"class_list":["post-9976","post","type-post","status-publish","format-standard","has-post-thumbnail","hentry","category-erasmus","category-portada","tag-cete","tag-erasmus","tag-esamtilc","tag-mcesamtilc"],"post_mailing_queue_ids":[],"_links":{"self":[{"href":"https:\/\/projectes.xtec.cat\/acollidasuport\/wp-json\/wp\/v2\/posts\/9976","targetHints":{"allow":["GET"]}}],"collection":[{"href":"https:\/\/projectes.xtec.cat\/acollidasuport\/wp-json\/wp\/v2\/posts"}],"about":[{"href":"https:\/\/projectes.xtec.cat\/acollidasuport\/wp-json\/wp\/v2\/types\/post"}],"author":[{"embeddable":true,"href":"https:\/\/projectes.xtec.cat\/acollidasuport\/wp-json\/wp\/v2\/users\/1"}],"replies":[{"embeddable":true,"href":"https:\/\/projectes.xtec.cat\/acollidasuport\/wp-json\/wp\/v2\/comments?post=9976"}],"version-history":[{"count":1,"href":"https:\/\/projectes.xtec.cat\/acollidasuport\/wp-json\/wp\/v2\/posts\/9976\/revisions"}],"predecessor-version":[{"id":9978,"href":"https:\/\/projectes.xtec.cat\/acollidasuport\/wp-json\/wp\/v2\/posts\/9976\/revisions\/9978"}],"wp:featuredmedia":[{"embeddable":true,"href":"https:\/\/projectes.xtec.cat\/acollidasuport\/wp-json\/wp\/v2\/media\/9977"}],"wp:attachment":[{"href":"https:\/\/projectes.xtec.cat\/acollidasuport\/wp-json\/wp\/v2\/media?parent=9976"}],"wp:term":[{"taxonomy":"category","embeddable":true,"href":"https:\/\/projectes.xtec.cat\/acollidasuport\/wp-json\/wp\/v2\/categories?post=9976"},{"taxonomy":"post_tag","embeddable":true,"href":"https:\/\/projectes.xtec.cat\/acollidasuport\/wp-json\/wp\/v2\/tags?post=9976"}],"curies":[{"name":"wp","href":"https:\/\/api.w.org\/{rel}","templated":true}]}}