{"id":8577,"date":"2026-04-17T07:50:03","date_gmt":"2026-04-17T05:50:03","guid":{"rendered":"https:\/\/projectes.xtec.cat\/agroecologia\/?p=8577"},"modified":"2026-04-17T08:00:08","modified_gmt":"2026-04-17T06:00:08","slug":"premi-escola-agricultura-i-alimentacio-ecologica","status":"publish","type":"post","link":"https:\/\/projectes.xtec.cat\/agroecologia\/general\/premi-escola-agricultura-i-alimentacio-ecologica\/","title":{"rendered":"Premi escola, agricultura i alimentaci\u00f3 ecol\u00f2gica"},"content":{"rendered":"\r\n<div class=\"wp-block-image\">\r\n<figure class=\"aligncenter size-large\"><a href=\"https:\/\/projectes.xtec.cat\/agroecologia\/wp-content\/uploads\/usu2197\/2023\/04\/premi-escola.png\"><img loading=\"lazy\" decoding=\"async\" class=\"size-full wp-image-8580 aligncenter\" src=\"https:\/\/projectes.xtec.cat\/agroecologia\/wp-content\/uploads\/usu2197\/2023\/04\/premi-escola.png\" alt=\"\" width=\"1022\" height=\"307\" srcset=\"https:\/\/projectes.xtec.cat\/agroecologia\/wp-content\/uploads\/usu2197\/2023\/04\/premi-escola.png 1022w, https:\/\/projectes.xtec.cat\/agroecologia\/wp-content\/uploads\/usu2197\/2023\/04\/premi-escola-300x90.png 300w, https:\/\/projectes.xtec.cat\/agroecologia\/wp-content\/uploads\/usu2197\/2023\/04\/premi-escola-768x231.png 768w\" sizes=\"auto, (max-width: 1022px) 100vw, 1022px\" \/><\/a><\/figure>\r\n<\/div>\r\n\r\n\r\n\r\n<h4 class=\"has-text-color has-background wp-block-heading\" style=\"background-color: #efe9d2; color: #395b11;\"><strong><span class=\"has-inline-color\" style=\"color: #298e69;\">Qu\u00e8 \u00e9s el Premi Escola, Agricultura i Alimentaci\u00f3 ecol\u00f2gica?<\/span><\/strong><\/h4>\r\n\r\n\r\n\r\n<div class=\"wp-block-group is-layout-flow wp-block-group-is-layout-flow\">\r\n<div class=\"wp-block-group__inner-container\">\r\n<p>Es tracta d\u2019un premi creat per la Generalitat de Catalunya (Departaments d\u2019Agricultura, Ramaderia, Pesca i Alimentaci\u00f3; d\u2019Educaci\u00f3 i Formaci\u00f3 Professional; de Territori, Habitatge i Transici\u00f3 Ecol\u00f2gica\u200b ) i l\u2019Associaci\u00f3 Vida Sana.<\/p>\r\n<p>L\u2019objectiu del Premi Escola, Agricultura i Alimentaci\u00f3 Ecol\u00f2gica \u00e9s el de recon\u00e8ixer i incentivar la realitzaci\u00f3 de projectes i l\u00ednies de treball dels centres educatius de Catalunya destinats a promoure el coneixement de l\u2019agricultura, la ramaderia i l\u2019alimentaci\u00f3 ecol\u00f2giques i especialment dels seus valors socials, econ\u00f2mics i ambientals, tant entre el propi alumnat del centre com tamb\u00e9 cap al conjunt de la comunitat educativa i el seu entorn, en concordan\u00e7a amb els Objectius de Desenvolupament Sostenible i els 10 elements de l\u2019Agroecologia de la FAO.<\/p>\r\n<br \/><\/div>\r\n<\/div>\r\n<!-- \/wp:group -->\r\n\r\n<!-- wp:heading {\"level\":4,\"style\":{\"color\":{\"text\":\"#395b11\",\"background\":\"#efe9d2\"}}} -->\r\n<h4 class=\"has-text-color has-background\" style=\"background-color: #efe9d2; color: #395b11;\"><strong><span class=\"has-inline-color\" style=\"color: #298e69;\">Qui pot optar al premi<\/span><\/strong><\/h4>\r\n<!-- \/wp:heading -->\r\n\r\n<!-- wp:list -->\r\n<ul>\r\n<li>\r\n<p>Podran optar al premi tots els centres educatius d\u2019educaci\u00f3 infantil, prim\u00e0ria, secund\u00e0ria, batxillerat, formaci\u00f3 professional, educaci\u00f3 especial i llars d\u2019infants de Catalunya, que hagin realitzat al llarg del curs escolar 2025-2026 un projecte o una experi\u00e8ncia pedag\u00f2gica, o que tinguin una proposta a desenvolupar durant el curs 2026-27, relacionats amb la producci\u00f3 agr\u00e0ria o l\u2019alimentaci\u00f3 ecol\u00f2giques en l\u2019\u00e0mbit de l\u2019agroecologia escolar. Tamb\u00e9 poden participar entitats, universitats i empreses que hagin desenvolupat projectes o material pedag\u00f2gic amb fins educatius relacionats amb la producci\u00f3 i l\u2019alimentaci\u00f3 ecol\u00f2gica o l\u2019agroecologia escolar.<\/p>\r\n<\/li>\r\n<\/ul>\r\n<!-- \/wp:list -->\r\n\r\n<!-- wp:heading {\"level\":4,\"style\":{\"color\":{\"text\":\"#395b11\",\"background\":\"#efe9d2\"}}} -->\r\n<h4 class=\"has-text-color has-background\" style=\"background-color: #efe9d2; color: #395b11;\"><strong><span class=\"has-inline-color\" style=\"color: #298e69;\">Terminis<\/span><\/strong><\/h4>\r\n<!-- \/wp:heading -->\r\n\r\n<!-- wp:paragraph -->\r\n<p>El per\u00edode d\u2019inscripci\u00f3 per presentar la candidatura per a l\u2019edici\u00f3 de <strong>2026<\/strong> \u00e9s del<strong> 30 de mar\u00e7<\/strong> fins el <strong>27 de juliol<\/strong>.<\/p>\r\n<!-- \/wp:paragraph -->\r\n\r\n<!-- wp:heading {\"level\":4,\"style\":{\"color\":{\"text\":\"#395b11\",\"background\":\"#efe9d2\"}}} -->\r\n<h4 class=\"has-text-color has-background\" style=\"background-color: #efe9d2; color: #395b11;\"><strong><span class=\"has-inline-color\" style=\"color: #298e69;\">Premis<\/span><\/strong><\/h4>\r\n<!-- \/wp:heading -->\r\n\r\n<!-- wp:group -->\r\n<div class=\"wp-block-group\">\r\n<ul>\r\n<li class=\"wp-block-group__inner-container\"><span class=\"titol-premi\">Activitats desenvolupades i finalitzades durant el curs 2025-26:<\/span>\r\n<ul>\r\n<li class=\"wp-block-group__inner-container\"><span class=\"diners\">1r Premi 2.500 \u20ac <\/span><\/li>\r\n<li class=\"wp-block-group__inner-container\"><span class=\"diners\">2n Premi 1.500 \u20ac <\/span><\/li>\r\n<li class=\"wp-block-group__inner-container\"><span class=\"diners\">3r Premi 1.000 \u20ac<\/span><\/li>\r\n<\/ul>\r\n<\/li>\r\n<li><span class=\"titol-premi\">Material pedag\u00f2gic amb fins educatius relacionats amb la producci\u00f3 i l\u2019alimentaci\u00f3 ecol\u00f2gica o l\u2019agroecologia escolar<\/span><span class=\"subtitol-premi\">dotat amb<\/span><span class=\"diners\">1.500 \u20ac<\/span><\/li>\r\n<li><span class=\"titol-premi\">Idees d\u2019activitats o projectes a desenvolupar durant el curs 2026-27<\/span><span class=\"subtitol-premi\">dotat amb<\/span><span class=\"diners\">750 \u20ac<\/span><\/li>\r\n<\/ul>\r\n<\/div>\r\n<div>\u00a0<\/div>\r\n<!-- \/wp:group -->\r\n\r\n<!-- wp:buttons {\"contentJustification\":\"center\"} -->\r\n<div class=\"wp-block-buttons is-content-justification-center\"><!-- wp:button {\"borderRadius\":15,\"style\":{\"color\":{\"background\":\"#298e69\"}},\"width\":25,\"className\":\"is-style-fill\"} -->\r\n<div class=\"wp-block-button has-custom-width wp-block-button__width-25 is-style-fill\" style=\"text-align: center;\"><a class=\"wp-block-button__link has-background\" style=\"border-radius: 15px; background-color: #298e69;\" href=\"https:\/\/setmanabio.cat\/premi-escola\/\" target=\"_blank\" rel=\"noreferrer noopener\"><strong>+ informaci\u00f3<\/strong><\/a><\/div>\r\n<!-- \/wp:button --><\/div>","protected":false},"excerpt":{"rendered":"<p><a href=\"https:\/\/projectes.xtec.cat\/agroecologia\/wp-content\/uploads\/usu2197\/2023\/04\/premi-escola.png\"><\/a><\/p>\n<p>Qu\u00e8 \u00e9s el Premi Escola, Agricultura i Alimentaci\u00f3 ecol\u00f2gica?<\/p>\n<p>Es tracta d\u2019un premi creat per la Generalitat de Catalunya (Departaments d\u2019Agricultura, Ramaderia, Pesca i Alimentaci\u00f3; d\u2019Educaci\u00f3 i Formaci\u00f3 Professional; de Territori, Habitatge i Transici\u00f3 Ecol\u00f2gica\u200b ) i l\u2019Associaci\u00f3 Vida Sana.<br \/>\nL\u2019objectiu del Premi Escola, Agricultura i&hellip;  <a href=\"https:\/\/projectes.xtec.cat\/agroecologia\/general\/premi-escola-agricultura-i-alimentacio-ecologica\/\" title=\"Read Premi escola, agricultura i alimentaci\u00f3 ecol\u00f2gica\">Llegeix m\u00e9s\u00bb<\/a><\/p>\n","protected":false},"author":12,"featured_media":8580,"comment_status":"open","ping_status":"closed","sticky":false,"template":"","format":"standard","meta":{"_bbp_topic_count":0,"_bbp_reply_count":0,"_bbp_total_topic_count":0,"_bbp_total_reply_count":0,"_bbp_voice_count":0,"_bbp_anonymous_reply_count":0,"_bbp_topic_count_hidden":0,"_bbp_reply_count_hidden":0,"_bbp_forum_subforum_count":0,"footnotes":""},"categories":[1,29],"tags":[],"class_list":["post-8577","post","type-post","status-publish","format-standard","has-post-thumbnail","hentry","category-general","category-portada"],"post_mailing_queue_ids":[],"_links":{"self":[{"href":"https:\/\/projectes.xtec.cat\/agroecologia\/wp-json\/wp\/v2\/posts\/8577","targetHints":{"allow":["GET"]}}],"collection":[{"href":"https:\/\/projectes.xtec.cat\/agroecologia\/wp-json\/wp\/v2\/posts"}],"about":[{"href":"https:\/\/projectes.xtec.cat\/agroecologia\/wp-json\/wp\/v2\/types\/post"}],"author":[{"embeddable":true,"href":"https:\/\/projectes.xtec.cat\/agroecologia\/wp-json\/wp\/v2\/users\/12"}],"replies":[{"embeddable":true,"href":"https:\/\/projectes.xtec.cat\/agroecologia\/wp-json\/wp\/v2\/comments?post=8577"}],"version-history":[{"count":6,"href":"https:\/\/projectes.xtec.cat\/agroecologia\/wp-json\/wp\/v2\/posts\/8577\/revisions"}],"predecessor-version":[{"id":8610,"href":"https:\/\/projectes.xtec.cat\/agroecologia\/wp-json\/wp\/v2\/posts\/8577\/revisions\/8610"}],"wp:featuredmedia":[{"embeddable":true,"href":"https:\/\/projectes.xtec.cat\/agroecologia\/wp-json\/wp\/v2\/media\/8580"}],"wp:attachment":[{"href":"https:\/\/projectes.xtec.cat\/agroecologia\/wp-json\/wp\/v2\/media?parent=8577"}],"wp:term":[{"taxonomy":"category","embeddable":true,"href":"https:\/\/projectes.xtec.cat\/agroecologia\/wp-json\/wp\/v2\/categories?post=8577"},{"taxonomy":"post_tag","embeddable":true,"href":"https:\/\/projectes.xtec.cat\/agroecologia\/wp-json\/wp\/v2\/tags?post=8577"}],"curies":[{"name":"wp","href":"https:\/\/api.w.org\/{rel}","templated":true}]}}