{"id":357,"count":0,"description":"<span class=\"TextRun SCXW180434305 BCX0\" lang=\"CA-ES\" xml:lang=\"CA-ES\" data-contrast=\"none\"><span class=\"NormalTextRun SCXW180434305 BCX0\">La intensificaci\u00f3 <\/span><span class=\"NormalTextRun SCXW180434305 BCX0\">dels<\/span> <span class=\"NormalTextRun SCXW180434305 BCX0\">a<\/span><span class=\"NormalTextRun SCXW180434305 BCX0\">prenentatges, com a <\/span><span class=\"NormalTextRun SCXW180434305 BCX0\">fase del proc\u00e9s orientador<\/span><span class=\"NormalTextRun SCXW180434305 BCX0\">,<\/span><span class=\"NormalTextRun SCXW180434305 BCX0\"> ha de potenciar l'aprofitament global dels recursos del centre perqu\u00e8 cada alumne o alumna vagi trobant el seu cam\u00ed i desenvolupant-se personalment, social, acad\u00e8mica i <\/span><span class=\"NormalTextRun SCXW180434305 BCX0\">professional<\/span><span class=\"NormalTextRun SCXW180434305 BCX0\"> al mateix temps que progressa en els aprenentatges i en les din\u00e0miques interpersonals.<\/span> <span class=\"NormalTextRun SCXW180434305 BCX0\">Permet<\/span> <span class=\"NormalTextRun SCXW180434305 BCX0\">desenvolupar els sabers i les compet\u00e8ncies pr\u00f2pies de cada proposta formativa de manera satisfact\u00f2ria, tant en els \u00e0mbits estrictament curriculars com<\/span><span class=\"NormalTextRun SCXW180434305 BCX0\">,<\/span><span class=\"NormalTextRun SCXW180434305 BCX0\"> des d\u2019un punt de vista educatiu<\/span><span class=\"NormalTextRun SCXW180434305 BCX0\">,<\/span> <span class=\"NormalTextRun SCXW180434305 BCX0\">els que afavoreixen el<\/span> <span class=\"NormalTextRun SCXW180434305 BCX0\">desenvolupament global.\u00a0<\/span><\/span><span class=\"EOP SCXW180434305 BCX0\" data-ccp-props=\"{&quot;335551550&quot;:6,&quot;335551620&quot;:6,&quot;335559739&quot;:120}\">\u00a0<\/span>","link":"https:\/\/projectes.xtec.cat\/alumnat\/categoria\/orientacio\/proces-orientador\/intensificacio-daprenentatges\/","name":"Intensificaci\u00f3 dels aprenentatges","slug":"intensificacio-daprenentatges","taxonomy":"category","parent":355,"meta":[],"_links":{"self":[{"href":"https:\/\/projectes.xtec.cat\/alumnat\/wp-json\/wp\/v2\/categories\/357","targetHints":{"allow":["GET"]}}],"collection":[{"href":"https:\/\/projectes.xtec.cat\/alumnat\/wp-json\/wp\/v2\/categories"}],"about":[{"href":"https:\/\/projectes.xtec.cat\/alumnat\/wp-json\/wp\/v2\/taxonomies\/category"}],"up":[{"embeddable":true,"href":"https:\/\/projectes.xtec.cat\/alumnat\/wp-json\/wp\/v2\/categories\/355"}],"wp:post_type":[{"href":"https:\/\/projectes.xtec.cat\/alumnat\/wp-json\/wp\/v2\/posts?categories=357"},{"href":"https:\/\/projectes.xtec.cat\/alumnat\/wp-json\/wp\/v2\/esdeveniment?categories=357"},{"href":"https:\/\/projectes.xtec.cat\/alumnat\/wp-json\/wp\/v2\/formacio?categories=357"},{"href":"https:\/\/projectes.xtec.cat\/alumnat\/wp-json\/wp\/v2\/noticies?categories=357"}],"curies":[{"name":"wp","href":"https:\/\/api.w.org\/{rel}","templated":true}]}}