{"id":12103,"date":"2025-09-16T10:46:49","date_gmt":"2025-09-16T08:46:49","guid":{"rendered":"https:\/\/projectes.xtec.cat\/alumnat\/?post_type=noticies&#038;p=12103"},"modified":"2025-09-16T10:46:50","modified_gmt":"2025-09-16T08:46:50","slug":"vi-jornada-canviar-leducacio-per-a-canviar-el-mon-fem-la-possible-entre-totes-i-tots","status":"publish","type":"noticies","link":"https:\/\/projectes.xtec.cat\/alumnat\/noticies\/vi-jornada-canviar-leducacio-per-a-canviar-el-mon-fem-la-possible-entre-totes-i-tots\/","title":{"rendered":"VI Jornada\u00a0Canviar l\u2019educaci\u00f3 per a canviar el m\u00f3n: fem-la possible entre totes i tots!"},"content":{"rendered":"\n<div class=\"wp-block-columns is-layout-flex wp-container-core-columns-is-layout-1 wp-block-columns-is-layout-flex\">\n<div class=\"wp-block-column is-layout-flow wp-block-column-is-layout-flow\" style=\"flex-basis:100%\">\n<p>L\u2019<strong>11 d\u2019abril de 2026<\/strong>, Sant Boi de Llobregat tornar\u00e0 a ser l\u2019escenari de la VI edici\u00f3 de la trobada\u00a0\u00abCanviar l\u2019educaci\u00f3 per a canviar el m\u00f3n\u00bb, un espai de reflexi\u00f3, intercanvi i construcci\u00f3 col\u00b7lectiva sobre l\u2019educaci\u00f3 per a la just\u00edcia global. Una jornada que, edici\u00f3 rere edici\u00f3, s\u2019ha consolidat com un punt de trobada clau per a docents, joves, entitats, estudiants i totes les persones compromeses amb la transformaci\u00f3 educativa i social.<\/p>\n\n\n\n<p>\ud83d\udc49 Per\u00f2 perqu\u00e8 la trobada respongui de veritat a les inquietuds i necessitats dels seus protagonistes, volem comptar&nbsp;amb la teva veu des d\u2019ara mateix.<\/p>\n\n\n\n<p>Participa responent l\u2019enquesta pr\u00e8via<\/p>\n\n\n\n<p>Ja \u00e9s oberta l\u2019<strong>enquesta de preparaci\u00f3 de la VI edici\u00f3<\/strong>. La teva opini\u00f3 ens ajudar\u00e0 a definir temes, formats i prioritats del programa. Participar-hi \u00e9s molt senzill:<\/p>\n\n\n\n<p>\ud83d\udcdd Omple l\u2019enquesta abans del&nbsp;15 de setembre:<br><a rel=\"noreferrer noopener\" target=\"_blank\" href=\"https:\/\/forms.gle\/Uj4ZJMZ9rR32jM7z7\">https:\/\/forms.gle\/Uj4ZJMZ9rR32jM7z7<\/a><\/p>\n<\/div>\n\n\n\n<div class=\"wp-block-column is-layout-flow wp-block-column-is-layout-flow\" style=\"flex-basis:100%\">\n<p>Fem-ne difusi\u00f3 entre totes i tots<\/p>\n\n\n\n<p>A m\u00e9s de respondre l\u2019enquesta, et convidem a difondre-la als teus cercles i xarxes. Com m\u00e9s veus s\u2019escoltin, m\u00e9s plurals i enriquidores seran les jornades. Per a facilitar-ho, teniu a la vostra disposici\u00f3:<\/p>\n\n\n\n<ul class=\"wp-block-list\">\n<li>Missatges proposats per a les xarxes&nbsp;<a href=\"https:\/\/pad.plataformess.org\/p\/Enquesta_CECM\" target=\"_blank\" rel=\"noreferrer noopener\">(<\/a><em><a href=\"https:\/\/pad.plataformess.org\/p\/Enquesta_CECM\" target=\"_blank\" rel=\"noreferrer noopener\">PAD de difusi\u00f3<\/a><\/em><a href=\"https:\/\/pad.plataformess.org\/p\/Enquesta_CECM\" target=\"_blank\" rel=\"noreferrer noopener\">)<\/a><\/li>\n\n\n\n<li>Imatges descarregables per xarxes socials:&nbsp;<br><a href=\"https:\/\/drive.google.com\/drive\/folders\/1R7ulK9xoemcqGvbm-c4ge-rQ6jmHYs2f\" target=\"_blank\" rel=\"noreferrer noopener\">Carpeta amb materials visuals<\/a><\/li>\n<\/ul>\n\n\n\n<p>Una trobada feta amb i per a la comunitat educativa<\/p>\n\n\n\n<p>El lema&nbsp;\u00abCanviar l\u2019educaci\u00f3 per canviar el m\u00f3n\u00bb&nbsp;\u00e9s m\u00e9s que un esl\u00f2gan: \u00e9s un comprom\u00eds compartit. Comptem amb tu perqu\u00e8 aquesta nova edici\u00f3 es construeixi des de la participaci\u00f3 i la corresponsabilitat de totes les persones implicades en l\u2019educaci\u00f3 i la transformaci\u00f3 social.<\/p>\n\n\n\n<p>\ud83d\udcc5 Ens veiem a Sant Boi de Llobregat, l\u201911 d\u2019abril de 2026!<\/p>\n\n\n\n<p>#EducaJust\u00edciaGlobal #CanviarEduca<\/p>\n<\/div>\n<\/div>\n\n\n\n<div class=\"wp-block-columns is-layout-flex wp-container-core-columns-is-layout-2 wp-block-columns-is-layout-flex\">\n<div class=\"wp-block-column is-layout-flow wp-block-column-is-layout-flow\" style=\"flex-basis:100%\"><\/div>\n\n\n\n<div class=\"wp-block-column is-layout-flow wp-block-column-is-layout-flow\" style=\"flex-basis:100%\"><\/div>\n<\/div>\n\n\n\n<p><\/p>\n","protected":false},"featured_media":12109,"template":"","format":[411],"meta":{"site-sidebar-layout":"default","site-content-layout":"","ast-site-content-layout":"default","site-content-style":"default","site-sidebar-style":"default","ast-global-header-display":"","ast-banner-title-visibility":"","ast-main-header-display":"","ast-hfb-above-header-display":"","ast-hfb-below-header-display":"","ast-hfb-mobile-header-display":"","site-post-title":"","ast-breadcrumbs-content":"","ast-featured-img":"","footer-sml-layout":"","theme-transparent-header-meta":"","adv-header-id-meta":"","stick-header-meta":"","header-above-stick-meta":"","header-main-stick-meta":"","header-below-stick-meta":"","astra-migrate-meta-layouts":"set","ast-page-background-enabled":"default","ast-page-background-meta":{"desktop":{"background-color":"var(--ast-global-color-4)","background-image":"","background-repeat":"repeat","background-position":"center center","background-size":"auto","background-attachment":"scroll","background-type":"","background-media":"","overlay-type":"","overlay-color":"","overlay-opacity":"","overlay-gradient":""},"tablet":{"background-color":"","background-image":"","background-repeat":"repeat","background-position":"center center","background-size":"auto","background-attachment":"scroll","background-type":"","background-media":"","overlay-type":"","overlay-color":"","overlay-opacity":"","overlay-gradient":""},"mobile":{"background-color":"","background-image":"","background-repeat":"repeat","background-position":"center center","background-size":"auto","background-attachment":"scroll","background-type":"","background-media":"","overlay-type":"","overlay-color":"","overlay-opacity":"","overlay-gradient":""}},"ast-content-background-meta":{"desktop":{"background-color":"var(--ast-global-color-5)","background-image":"","background-repeat":"repeat","background-position":"center center","background-size":"auto","background-attachment":"scroll","background-type":"","background-media":"","overlay-type":"","overlay-color":"","overlay-opacity":"","overlay-gradient":""},"tablet":{"background-color":"var(--ast-global-color-5)","background-image":"","background-repeat":"repeat","background-position":"center center","background-size":"auto","background-attachment":"scroll","background-type":"","background-media":"","overlay-type":"","overlay-color":"","overlay-opacity":"","overlay-gradient":""},"mobile":{"background-color":"var(--ast-global-color-5)","background-image":"","background-repeat":"repeat","background-position":"center center","background-size":"auto","background-attachment":"scroll","background-type":"","background-media":"","overlay-type":"","overlay-color":"","overlay-opacity":"","overlay-gradient":""}}},"categories":[1,447],"etapa":[403,401,402,398,399,400],"rol":[414,394,397],"class_list":["post-12103","noticies","type-noticies","status-publish","has-post-thumbnail","hentry","category-general","category-interculturalitat","etapa-adults","etapa-batxillerat","etapa-fp","etapa-infantil","etapa-primaria","etapa-secundaria","format-mes-recursos","rol-coordinador","rol-docent","rol-equip-directiu"],"post_mailing_queue_ids":[],"_links":{"self":[{"href":"https:\/\/projectes.xtec.cat\/alumnat\/wp-json\/wp\/v2\/noticies\/12103","targetHints":{"allow":["GET"]}}],"collection":[{"href":"https:\/\/projectes.xtec.cat\/alumnat\/wp-json\/wp\/v2\/noticies"}],"about":[{"href":"https:\/\/projectes.xtec.cat\/alumnat\/wp-json\/wp\/v2\/types\/noticies"}],"wp:featuredmedia":[{"embeddable":true,"href":"https:\/\/projectes.xtec.cat\/alumnat\/wp-json\/wp\/v2\/media\/12109"}],"wp:attachment":[{"href":"https:\/\/projectes.xtec.cat\/alumnat\/wp-json\/wp\/v2\/media?parent=12103"}],"wp:term":[{"taxonomy":"category","embeddable":true,"href":"https:\/\/projectes.xtec.cat\/alumnat\/wp-json\/wp\/v2\/categories?post=12103"},{"taxonomy":"etapa","embeddable":true,"href":"https:\/\/projectes.xtec.cat\/alumnat\/wp-json\/wp\/v2\/etapa?post=12103"},{"taxonomy":"format","embeddable":true,"href":"https:\/\/projectes.xtec.cat\/alumnat\/wp-json\/wp\/v2\/format?post=12103"},{"taxonomy":"rol","embeddable":true,"href":"https:\/\/projectes.xtec.cat\/alumnat\/wp-json\/wp\/v2\/rol?post=12103"}],"curies":[{"name":"wp","href":"https:\/\/api.w.org\/{rel}","templated":true}]}}