{"id":12457,"date":"2026-01-21T12:24:58","date_gmt":"2026-01-21T11:24:58","guid":{"rendered":"https:\/\/projectes.xtec.cat\/alumnat\/?post_type=noticies&#038;p=12457"},"modified":"2026-01-21T12:24:59","modified_gmt":"2026-01-21T11:24:59","slug":"ii-forum-catala-per-lorientacio-catalunya-central-families-escoles-i-professionals-construint-inclusio-i-vincles-compartits","status":"publish","type":"noticies","link":"https:\/\/projectes.xtec.cat\/alumnat\/noticies\/ii-forum-catala-per-lorientacio-catalunya-central-families-escoles-i-professionals-construint-inclusio-i-vincles-compartits\/","title":{"rendered":"II F\u00f2rum Catal\u00e0 per l\u2019Orientaci\u00f3 \u2013 Catalunya Central: fam\u00edlies, escoles i professionals construint inclusi\u00f3 i vincles compartits"},"content":{"rendered":"\n<div class=\"wp-block-columns is-layout-flex wp-container-core-columns-is-layout-1 wp-block-columns-is-layout-flex\">\n<div class=\"wp-block-column is-layout-flow wp-block-column-is-layout-flow\" style=\"flex-basis:100%\">\n<p>El Departament d\u2019Educaci\u00f3 us convida a participar activament en la sessi\u00f3 de la Catalunya Central del\u00a0\u00ab II F\u00f2rum Catal\u00e0 per l\u2019Orientaci\u00f3\u00bb, una iniciativa promoguda per l\u2019Associaci\u00f3 Catalana de Psicopedagogia i Orientaci\u00f3 Educativa i Professional (<em>ACPO<\/em>).<\/p>\n\n\n\n<p>Aquest f\u00f2rum forma part d\u2019un recorregut territorial m\u00e9s ampli amb l\u2019objectiu de teixir comunitats i repensar, de manera col\u00b7laborativa, l\u2019orientaci\u00f3 educativa i professional a Catalunya des d\u2019una perspectiva inclusiva i equitativa.<\/p>\n\n\n\n<p>La trobada a la Catalunya Central pret\u00e9n ser un espai de reflexi\u00f3 i di\u00e0leg on fam\u00edlies, alumnat, professorat i orientadors\/es comparteixin experi\u00e8ncies i perspectives sobre el que significa la inclusi\u00f3. S\u2019hi promou la construcci\u00f3 de xarxes, la converg\u00e8ncia d\u2019idees i la generaci\u00f3 de propostes de millora que enforteixin les pr\u00e0ctiques d\u2019orientaci\u00f3.<\/p>\n<\/div>\n\n\n\n<div class=\"wp-block-column is-layout-flow wp-block-column-is-layout-flow\" style=\"flex-basis:100%\">\n<p>Aquest f\u00f2rum s\u2019emmarca en un full de ruta que recorrer\u00e0 diferents territoris de Catalunya amb l\u2019objectiu d\u2019impulsar un canvi estructural en els models d\u2019orientaci\u00f3 i assessorament psicopedag\u00f2gic, posant en valor la singularitat dels processos personals i col\u00b7lectius.<\/p>\n\n\n\n<p>La participaci\u00f3 de tots els agents educatius \u00e9s fonamental per a enriquir el debat i construir respostes conjuntes. Aquesta \u00e9s una oportunitat \u00fanica que contribueix a la construcci\u00f3 d\u2019un model d\u2019orientaci\u00f3 m\u00e9s inclusiu, reflexiu i col\u00b7laboratiu, que atengui els reptes educatius i socials presents i futurs.<\/p>\n\n\n\n<p>Us animem a inscriure-us i formar part del II F\u00f2rum a la Catalunya Central! La vostra mirada, experi\u00e8ncies i propostes s\u00f3n clau per construir comunitats educatives fortes i compromeses amb la inclusi\u00f3 i l\u2019equitat.<\/p>\n\n\n\n<p>Per a m\u00e9s informaci\u00f3 i inscripcions, podeu consultar la <a href=\"https:\/\/www.acpo.cat\/ii-forum-catala-per-lorientacio\/\" target=\"_blank\" rel=\"noreferrer noopener\">p\u00e0gina oficial del f\u00f2rum<\/a> i contactar amb l\u2019organitzaci\u00f3 a trav\u00e9s de&nbsp;<em>secretaria@acpo.cat<\/em><\/p>\n<\/div>\n<\/div>\n\n\n\n<div class=\"wp-block-columns is-layout-flex wp-container-core-columns-is-layout-2 wp-block-columns-is-layout-flex\">\n<div class=\"wp-block-column is-layout-flow wp-block-column-is-layout-flow\" style=\"flex-basis:100%\"><\/div>\n\n\n\n<div class=\"wp-block-column is-layout-flow wp-block-column-is-layout-flow\" style=\"flex-basis:100%\"><\/div>\n<\/div>\n\n\n\n<p><\/p>\n","protected":false},"featured_media":12467,"template":"","format":[411],"meta":{"site-sidebar-layout":"default","site-content-layout":"","ast-site-content-layout":"default","site-content-style":"default","site-sidebar-style":"default","ast-global-header-display":"","ast-banner-title-visibility":"","ast-main-header-display":"","ast-hfb-above-header-display":"","ast-hfb-below-header-display":"","ast-hfb-mobile-header-display":"","site-post-title":"","ast-breadcrumbs-content":"","ast-featured-img":"","footer-sml-layout":"","theme-transparent-header-meta":"","adv-header-id-meta":"","stick-header-meta":"","header-above-stick-meta":"","header-main-stick-meta":"","header-below-stick-meta":"","astra-migrate-meta-layouts":"set","ast-page-background-enabled":"default","ast-page-background-meta":{"desktop":{"background-color":"var(--ast-global-color-4)","background-image":"","background-repeat":"repeat","background-position":"center center","background-size":"auto","background-attachment":"scroll","background-type":"","background-media":"","overlay-type":"","overlay-color":"","overlay-opacity":"","overlay-gradient":""},"tablet":{"background-color":"","background-image":"","background-repeat":"repeat","background-position":"center center","background-size":"auto","background-attachment":"scroll","background-type":"","background-media":"","overlay-type":"","overlay-color":"","overlay-opacity":"","overlay-gradient":""},"mobile":{"background-color":"","background-image":"","background-repeat":"repeat","background-position":"center center","background-size":"auto","background-attachment":"scroll","background-type":"","background-media":"","overlay-type":"","overlay-color":"","overlay-opacity":"","overlay-gradient":""}},"ast-content-background-meta":{"desktop":{"background-color":"var(--ast-global-color-5)","background-image":"","background-repeat":"repeat","background-position":"center center","background-size":"auto","background-attachment":"scroll","background-type":"","background-media":"","overlay-type":"","overlay-color":"","overlay-opacity":"","overlay-gradient":""},"tablet":{"background-color":"var(--ast-global-color-5)","background-image":"","background-repeat":"repeat","background-position":"center center","background-size":"auto","background-attachment":"scroll","background-type":"","background-media":"","overlay-type":"","overlay-color":"","overlay-opacity":"","overlay-gradient":""},"mobile":{"background-color":"var(--ast-global-color-5)","background-image":"","background-repeat":"repeat","background-position":"center center","background-size":"auto","background-attachment":"scroll","background-type":"","background-media":"","overlay-type":"","overlay-color":"","overlay-opacity":"","overlay-gradient":""}}},"categories":[1,339],"etapa":[403,401,402,398,399,400],"rol":[396],"class_list":["post-12457","noticies","type-noticies","status-publish","has-post-thumbnail","hentry","category-general","category-orientacio","etapa-adults","etapa-batxillerat","etapa-fp","etapa-infantil","etapa-primaria","etapa-secundaria","format-mes-recursos","rol-orientador"],"post_mailing_queue_ids":[],"_links":{"self":[{"href":"https:\/\/projectes.xtec.cat\/alumnat\/wp-json\/wp\/v2\/noticies\/12457","targetHints":{"allow":["GET"]}}],"collection":[{"href":"https:\/\/projectes.xtec.cat\/alumnat\/wp-json\/wp\/v2\/noticies"}],"about":[{"href":"https:\/\/projectes.xtec.cat\/alumnat\/wp-json\/wp\/v2\/types\/noticies"}],"wp:featuredmedia":[{"embeddable":true,"href":"https:\/\/projectes.xtec.cat\/alumnat\/wp-json\/wp\/v2\/media\/12467"}],"wp:attachment":[{"href":"https:\/\/projectes.xtec.cat\/alumnat\/wp-json\/wp\/v2\/media?parent=12457"}],"wp:term":[{"taxonomy":"category","embeddable":true,"href":"https:\/\/projectes.xtec.cat\/alumnat\/wp-json\/wp\/v2\/categories?post=12457"},{"taxonomy":"etapa","embeddable":true,"href":"https:\/\/projectes.xtec.cat\/alumnat\/wp-json\/wp\/v2\/etapa?post=12457"},{"taxonomy":"format","embeddable":true,"href":"https:\/\/projectes.xtec.cat\/alumnat\/wp-json\/wp\/v2\/format?post=12457"},{"taxonomy":"rol","embeddable":true,"href":"https:\/\/projectes.xtec.cat\/alumnat\/wp-json\/wp\/v2\/rol?post=12457"}],"curies":[{"name":"wp","href":"https:\/\/api.w.org\/{rel}","templated":true}]}}