{"id":10999,"date":"2024-05-23T12:08:29","date_gmt":"2024-05-23T10:08:29","guid":{"rendered":"https:\/\/projectes.xtec.cat\/alumnat\/?p=10999"},"modified":"2024-05-24T10:55:59","modified_gmt":"2024-05-24T08:55:59","slug":"interseccionalitat-desigualtats-llocs-i-emocions","status":"publish","type":"post","link":"https:\/\/projectes.xtec.cat\/alumnat\/interseccionalitat-desigualtats-llocs-i-emocions\/","title":{"rendered":"Interseccionalitat: desigualtats, llocs i emocions"},"content":{"rendered":"\n<div class=\"wp-block-columns is-layout-flex wp-container-core-columns-is-layout-1 wp-block-columns-is-layout-flex\">\n<div class=\"wp-block-column is-layout-flow wp-block-column-is-layout-flow\" style=\"flex-basis:100%\">\n<p>La seva premissa b\u00e0sica \u00e9s que no es pot entendre la desigualtat des d&#8217;un sol marc explicatiu (com el g\u00e8nere, la ra\u00e7a, la classe o l&#8217;edat) sin\u00f3 que cal considerar la interrelaci\u00f3 entre ells per entendre com es configura.<\/p>\n\n\n\n<p><\/p>\n\n\n\n<p><\/p>\n<\/div>\n\n\n\n<div class=\"wp-block-column is-layout-flow wp-block-column-is-layout-flow\" style=\"flex-basis:100%\">\n<figure class=\"wp-block-image size-medium\"><img loading=\"lazy\" decoding=\"async\" width=\"196\" height=\"300\" src=\"https:\/\/projectes.xtec.cat\/alumnat\/wp-content\/uploads\/usu2327\/2024\/05\/Interseccionalitat.-Desigualtats-llocs-i-emocions_imatge-196x300.jpg\" alt=\"\" class=\"wp-image-11030\" srcset=\"https:\/\/projectes.xtec.cat\/alumnat\/wp-content\/uploads\/usu2327\/2024\/05\/Interseccionalitat.-Desigualtats-llocs-i-emocions_imatge-196x300.jpg 196w, https:\/\/projectes.xtec.cat\/alumnat\/wp-content\/uploads\/usu2327\/2024\/05\/Interseccionalitat.-Desigualtats-llocs-i-emocions_imatge.jpg 341w\" sizes=\"auto, (max-width: 196px) 100vw, 196px\" \/><\/figure>\n<\/div>\n<\/div>\n\n\n\n<div class=\"wp-block-columns is-layout-flex wp-container-core-columns-is-layout-2 wp-block-columns-is-layout-flex\">\n<div class=\"wp-block-column is-layout-flow wp-block-column-is-layout-flow\">\n<p>                            <\/p>\n\n\n\n<p>Autora: Maria Rod\u00f3-Z\u00e1rate<\/p>\n\n\n\n<p>Any: 2021<\/p>\n\n\n\n<p class=\"has-text-align-left\">Editorial: Tigre de paper<\/p>\n<\/div>\n\n\n\n<div class=\"wp-block-column is-layout-flow wp-block-column-is-layout-flow\"><\/div>\n<\/div>\n\n\n\n<p><\/p>\n\n\n","protected":false},"excerpt":{"rendered":"<p>La seva premissa b\u00e0sica \u00e9s que no es pot entendre la desigualtat des d&#8217;un sol marc explicatiu (com el g\u00e8nere, la ra\u00e7a, la classe o l&#8217;edat) sin\u00f3 que cal considerar la interrelaci\u00f3 entre ells per entendre com es configura. Autora: [&hellip;]<\/p>\n","protected":false},"author":2,"featured_media":11031,"comment_status":"closed","ping_status":"open","sticky":false,"template":"","format":[404],"meta":{"site-sidebar-layout":"default","site-content-layout":"","ast-site-content-layout":"default","site-content-style":"default","site-sidebar-style":"default","ast-global-header-display":"","ast-banner-title-visibility":"","ast-main-header-display":"","ast-hfb-above-header-display":"","ast-hfb-below-header-display":"","ast-hfb-mobile-header-display":"","site-post-title":"","ast-breadcrumbs-content":"","ast-featured-img":"","footer-sml-layout":"","theme-transparent-header-meta":"","adv-header-id-meta":"","stick-header-meta":"","header-above-stick-meta":"","header-main-stick-meta":"","header-below-stick-meta":"","astra-migrate-meta-layouts":"set","ast-page-background-enabled":"default","ast-page-background-meta":{"desktop":{"background-color":"var(--ast-global-color-4)","background-image":"","background-repeat":"repeat","background-position":"center center","background-size":"auto","background-attachment":"scroll","background-type":"","background-media":"","overlay-type":"","overlay-color":"","overlay-opacity":"","overlay-gradient":""},"tablet":{"background-color":"","background-image":"","background-repeat":"repeat","background-position":"center center","background-size":"auto","background-attachment":"scroll","background-type":"","background-media":"","overlay-type":"","overlay-color":"","overlay-opacity":"","overlay-gradient":""},"mobile":{"background-color":"","background-image":"","background-repeat":"repeat","background-position":"center center","background-size":"auto","background-attachment":"scroll","background-type":"","background-media":"","overlay-type":"","overlay-color":"","overlay-opacity":"","overlay-gradient":""}},"ast-content-background-meta":{"desktop":{"background-color":"var(--ast-global-color-5)","background-image":"","background-repeat":"repeat","background-position":"center center","background-size":"auto","background-attachment":"scroll","background-type":"","background-media":"","overlay-type":"","overlay-color":"","overlay-opacity":"","overlay-gradient":""},"tablet":{"background-color":"var(--ast-global-color-5)","background-image":"","background-repeat":"repeat","background-position":"center center","background-size":"auto","background-attachment":"scroll","background-type":"","background-media":"","overlay-type":"","overlay-color":"","overlay-opacity":"","overlay-gradient":""},"mobile":{"background-color":"var(--ast-global-color-5)","background-image":"","background-repeat":"repeat","background-position":"center center","background-size":"auto","background-attachment":"scroll","background-type":"","background-media":"","overlay-type":"","overlay-color":"","overlay-opacity":"","overlay-gradient":""}},"footnotes":""},"categories":[340,368,1,343],"tags":[],"etapa":[403,401,402,398,399,400],"rol":[414,394,397,396,395],"class_list":["post-10999","post","type-post","status-publish","format-standard","has-post-thumbnail","hentry","category-benestar","category-benestar-emocional","category-general","category-promocio-de-la-salut","etapa-adults","etapa-batxillerat","etapa-fp","etapa-infantil","etapa-primaria","etapa-secundaria","format-bibliografia","rol-coordinador","rol-docent","rol-equip-directiu","rol-orientador","rol-tutor"],"post_mailing_queue_ids":[],"_links":{"self":[{"href":"https:\/\/projectes.xtec.cat\/alumnat\/wp-json\/wp\/v2\/posts\/10999","targetHints":{"allow":["GET"]}}],"collection":[{"href":"https:\/\/projectes.xtec.cat\/alumnat\/wp-json\/wp\/v2\/posts"}],"about":[{"href":"https:\/\/projectes.xtec.cat\/alumnat\/wp-json\/wp\/v2\/types\/post"}],"author":[{"embeddable":true,"href":"https:\/\/projectes.xtec.cat\/alumnat\/wp-json\/wp\/v2\/users\/2"}],"replies":[{"embeddable":true,"href":"https:\/\/projectes.xtec.cat\/alumnat\/wp-json\/wp\/v2\/comments?post=10999"}],"version-history":[{"count":5,"href":"https:\/\/projectes.xtec.cat\/alumnat\/wp-json\/wp\/v2\/posts\/10999\/revisions"}],"predecessor-version":[{"id":11036,"href":"https:\/\/projectes.xtec.cat\/alumnat\/wp-json\/wp\/v2\/posts\/10999\/revisions\/11036"}],"wp:featuredmedia":[{"embeddable":true,"href":"https:\/\/projectes.xtec.cat\/alumnat\/wp-json\/wp\/v2\/media\/11031"}],"wp:attachment":[{"href":"https:\/\/projectes.xtec.cat\/alumnat\/wp-json\/wp\/v2\/media?parent=10999"}],"wp:term":[{"taxonomy":"category","embeddable":true,"href":"https:\/\/projectes.xtec.cat\/alumnat\/wp-json\/wp\/v2\/categories?post=10999"},{"taxonomy":"post_tag","embeddable":true,"href":"https:\/\/projectes.xtec.cat\/alumnat\/wp-json\/wp\/v2\/tags?post=10999"},{"taxonomy":"etapa","embeddable":true,"href":"https:\/\/projectes.xtec.cat\/alumnat\/wp-json\/wp\/v2\/etapa?post=10999"},{"taxonomy":"format","embeddable":true,"href":"https:\/\/projectes.xtec.cat\/alumnat\/wp-json\/wp\/v2\/format?post=10999"},{"taxonomy":"rol","embeddable":true,"href":"https:\/\/projectes.xtec.cat\/alumnat\/wp-json\/wp\/v2\/rol?post=10999"}],"curies":[{"name":"wp","href":"https:\/\/api.w.org\/{rel}","templated":true}]}}