{"id":12241,"date":"2025-11-03T10:44:20","date_gmt":"2025-11-03T09:44:20","guid":{"rendered":"https:\/\/projectes.xtec.cat\/alumnat\/?p=12241"},"modified":"2025-11-03T10:44:20","modified_gmt":"2025-11-03T09:44:20","slug":"comunicacio-assertiva","status":"publish","type":"post","link":"https:\/\/projectes.xtec.cat\/alumnat\/comunicacio-assertiva\/","title":{"rendered":"Comunicaci\u00f3 assertiva\u00a0"},"content":{"rendered":"\n<p>La comunicaci\u00f3 assertiva consisteix a manifestar de manera clara, franca i respectuosa les opinions pr\u00f2pies, emocions i creences, a defensar els nostres drets, a acceptar els pensaments i les cr\u00edtiques dels altres i a no sentir-se\u2019n culpables. L\u2019hem de diferenciar d\u2019altres tipus de comunicaci\u00f3, com la comunicaci\u00f3 passiva, en qu\u00e8 no s\u2019informa ni es transmet amb claredat el que es pensa; la comunicaci\u00f3 agressiva, que es caracteritza per imposar idees i opinions sense respectar l\u2019altre, i la comunicaci\u00f3 passivoagressiva, combinaci\u00f3 de les dues anteriors.&nbsp;<\/p>\n\n\n\n<figure class=\"wp-block-embed is-type-video is-provider-youtube wp-block-embed-youtube wp-embed-aspect-16-9 wp-has-aspect-ratio\"><div class=\"wp-block-embed__wrapper\">\n<div class=\"ast-oembed-container \" style=\"height: 100%;\"><iframe loading=\"lazy\" title=\"Comunicaci\u00f3 assertiva | BxB\" width=\"500\" height=\"281\" src=\"https:\/\/www.youtube.com\/embed\/kO3iCjcRpwM?list=PLHQ2RmbOIhEriGDF6pp0uk4GF02RS3U3G\" frameborder=\"0\" allow=\"accelerometer; autoplay; clipboard-write; encrypted-media; gyroscope; picture-in-picture; web-share\" referrerpolicy=\"strict-origin-when-cross-origin\" allowfullscreen><\/iframe><\/div>\n<\/div><\/figure>\n\n\n\n<p><\/p>\n","protected":false},"excerpt":{"rendered":"<p>La comunicaci\u00f3 assertiva consisteix a manifestar de manera clara, franca i respectuosa les opinions pr\u00f2pies, emocions i creences, a defensar els nostres drets, a acceptar els pensaments i les cr\u00edtiques dels altres i a no sentir-se\u2019n culpables. L\u2019hem de diferenciar [&hellip;]<\/p>\n","protected":false},"author":2,"featured_media":12253,"comment_status":"closed","ping_status":"open","sticky":false,"template":"","format":[409],"meta":{"site-sidebar-layout":"default","site-content-layout":"","ast-site-content-layout":"default","site-content-style":"default","site-sidebar-style":"default","ast-global-header-display":"","ast-banner-title-visibility":"","ast-main-header-display":"","ast-hfb-above-header-display":"","ast-hfb-below-header-display":"","ast-hfb-mobile-header-display":"","site-post-title":"","ast-breadcrumbs-content":"","ast-featured-img":"","footer-sml-layout":"","theme-transparent-header-meta":"","adv-header-id-meta":"","stick-header-meta":"","header-above-stick-meta":"","header-main-stick-meta":"","header-below-stick-meta":"","astra-migrate-meta-layouts":"set","ast-page-background-enabled":"default","ast-page-background-meta":{"desktop":{"background-color":"var(--ast-global-color-4)","background-image":"","background-repeat":"repeat","background-position":"center center","background-size":"auto","background-attachment":"scroll","background-type":"","background-media":"","overlay-type":"","overlay-color":"","overlay-opacity":"","overlay-gradient":""},"tablet":{"background-color":"","background-image":"","background-repeat":"repeat","background-position":"center center","background-size":"auto","background-attachment":"scroll","background-type":"","background-media":"","overlay-type":"","overlay-color":"","overlay-opacity":"","overlay-gradient":""},"mobile":{"background-color":"","background-image":"","background-repeat":"repeat","background-position":"center center","background-size":"auto","background-attachment":"scroll","background-type":"","background-media":"","overlay-type":"","overlay-color":"","overlay-opacity":"","overlay-gradient":""}},"ast-content-background-meta":{"desktop":{"background-color":"var(--ast-global-color-5)","background-image":"","background-repeat":"repeat","background-position":"center center","background-size":"auto","background-attachment":"scroll","background-type":"","background-media":"","overlay-type":"","overlay-color":"","overlay-opacity":"","overlay-gradient":""},"tablet":{"background-color":"var(--ast-global-color-5)","background-image":"","background-repeat":"repeat","background-position":"center center","background-size":"auto","background-attachment":"scroll","background-type":"","background-media":"","overlay-type":"","overlay-color":"","overlay-opacity":"","overlay-gradient":""},"mobile":{"background-color":"var(--ast-global-color-5)","background-image":"","background-repeat":"repeat","background-position":"center center","background-size":"auto","background-attachment":"scroll","background-type":"","background-media":"","overlay-type":"","overlay-color":"","overlay-opacity":"","overlay-gradient":""}},"footnotes":""},"categories":[340,368,1,369,343],"tags":[],"etapa":[403,401,402,398,399,400],"rol":[414,394,397,396],"class_list":["post-12241","post","type-post","status-publish","format-standard","has-post-thumbnail","hentry","category-benestar","category-benestar-emocional","category-general","category-pla-bxb","category-promocio-de-la-salut","etapa-adults","etapa-batxillerat","etapa-fp","etapa-infantil","etapa-primaria","etapa-secundaria","format-recursos-pedagogics","rol-coordinador","rol-docent","rol-equip-directiu","rol-orientador"],"post_mailing_queue_ids":[],"_links":{"self":[{"href":"https:\/\/projectes.xtec.cat\/alumnat\/wp-json\/wp\/v2\/posts\/12241","targetHints":{"allow":["GET"]}}],"collection":[{"href":"https:\/\/projectes.xtec.cat\/alumnat\/wp-json\/wp\/v2\/posts"}],"about":[{"href":"https:\/\/projectes.xtec.cat\/alumnat\/wp-json\/wp\/v2\/types\/post"}],"author":[{"embeddable":true,"href":"https:\/\/projectes.xtec.cat\/alumnat\/wp-json\/wp\/v2\/users\/2"}],"replies":[{"embeddable":true,"href":"https:\/\/projectes.xtec.cat\/alumnat\/wp-json\/wp\/v2\/comments?post=12241"}],"version-history":[{"count":2,"href":"https:\/\/projectes.xtec.cat\/alumnat\/wp-json\/wp\/v2\/posts\/12241\/revisions"}],"predecessor-version":[{"id":12254,"href":"https:\/\/projectes.xtec.cat\/alumnat\/wp-json\/wp\/v2\/posts\/12241\/revisions\/12254"}],"wp:featuredmedia":[{"embeddable":true,"href":"https:\/\/projectes.xtec.cat\/alumnat\/wp-json\/wp\/v2\/media\/12253"}],"wp:attachment":[{"href":"https:\/\/projectes.xtec.cat\/alumnat\/wp-json\/wp\/v2\/media?parent=12241"}],"wp:term":[{"taxonomy":"category","embeddable":true,"href":"https:\/\/projectes.xtec.cat\/alumnat\/wp-json\/wp\/v2\/categories?post=12241"},{"taxonomy":"post_tag","embeddable":true,"href":"https:\/\/projectes.xtec.cat\/alumnat\/wp-json\/wp\/v2\/tags?post=12241"},{"taxonomy":"etapa","embeddable":true,"href":"https:\/\/projectes.xtec.cat\/alumnat\/wp-json\/wp\/v2\/etapa?post=12241"},{"taxonomy":"format","embeddable":true,"href":"https:\/\/projectes.xtec.cat\/alumnat\/wp-json\/wp\/v2\/format?post=12241"},{"taxonomy":"rol","embeddable":true,"href":"https:\/\/projectes.xtec.cat\/alumnat\/wp-json\/wp\/v2\/rol?post=12241"}],"curies":[{"name":"wp","href":"https:\/\/api.w.org\/{rel}","templated":true}]}}