{"id":12698,"date":"2026-04-27T11:54:12","date_gmt":"2026-04-27T09:54:12","guid":{"rendered":"https:\/\/projectes.xtec.cat\/alumnat\/?p=12698"},"modified":"2026-04-27T11:54:12","modified_gmt":"2026-04-27T09:54:12","slug":"conviure-en-la-paraula-laula-com-a-espai-comunitari","status":"publish","type":"post","link":"https:\/\/projectes.xtec.cat\/alumnat\/conviure-en-la-paraula-laula-com-a-espai-comunitari\/","title":{"rendered":"(Con)viure en la paraula: l&#8217;aula com a espai comunitari"},"content":{"rendered":"\n<div class=\"wp-block-columns is-layout-flex wp-container-core-columns-is-layout-1 wp-block-columns-is-layout-flex\">\n<div class=\"wp-block-column is-layout-flow wp-block-column-is-layout-flow\" style=\"flex-basis:100%\">\n<p>Pensat com a eina de suport per al professorat, \u00abConviure en la paraula\u00bb \u00e9s un llibre de l\u2019editorial Gra\u00f3 que posa el di\u00e0leg i l\u2019\u00fas conscient del llenguatge al centre de la conviv\u00e8ncia escolar. El recurs ofereix propostes i reflexions pedag\u00f2giques que ajuden els docents a crear espais d\u2019aula on la comunicaci\u00f3, l\u2019escolta activa i el respecte mutu siguin elements clau per a la gesti\u00f3 de conflictes i la construcci\u00f3 de relacions positives. \u00c9s especialment \u00fatil per treballar l\u2019educaci\u00f3 emocional, la compet\u00e8ncia social i c\u00edvica i el clima de centre des d\u2019una perspectiva participativa i inclusiva.<\/p>\n\n\n\n<p>Autor: Juan S\u00e1nchez-Enciso Valero<\/p>\n\n\n\n<p>Editorial: Gra\u00f3<\/p>\n\n\n\n<p>Any: 2007<\/p>\n\n\n\n<p><\/p>\n<\/div>\n\n\n\n<div class=\"wp-block-column is-layout-flow wp-block-column-is-layout-flow\" style=\"flex-basis:100%\">\n<figure class=\"wp-block-image size-full is-resized\"><img loading=\"lazy\" decoding=\"async\" width=\"565\" height=\"800\" src=\"https:\/\/projectes.xtec.cat\/alumnat\/wp-content\/uploads\/usu2327\/2026\/04\/Conviure-en-la-paraula.jpg\" alt=\"La portada del llibre \u00ab(Con)viure en la paraula\u00bb\" class=\"wp-image-12690\" style=\"width:221px;height:auto\" srcset=\"https:\/\/projectes.xtec.cat\/alumnat\/wp-content\/uploads\/usu2327\/2026\/04\/Conviure-en-la-paraula.jpg 565w, https:\/\/projectes.xtec.cat\/alumnat\/wp-content\/uploads\/usu2327\/2026\/04\/Conviure-en-la-paraula-212x300.jpg 212w\" sizes=\"auto, (max-width: 565px) 100vw, 565px\" \/><\/figure>\n<\/div>\n<\/div>\n\n\n\n<p><\/p>\n\n\n\n<p><\/p>\n\n\n\n<p><\/p>\n\n\n\n<p><\/p>\n\n\n\n<p><\/p>\n\n\n\n<p><\/p>\n\n\n\n<p><\/p>\n\n\n\n<p><\/p>\n\n\n\n<p><\/p>\n\n\n\n<p><\/p>\n\n\n\n<p><\/p>\n\n\n\n<p><\/p>\n\n\n\n<p><\/p>\n\n\n\n<p><\/p>\n\n\n\n<p><\/p>\n\n\n\n<p><\/p>\n\n\n\n<p><\/p>\n\n\n\n<p><\/p>\n","protected":false},"excerpt":{"rendered":"<p>Pensat com a eina de suport per al professorat, \u00abConviure en la paraula\u00bb \u00e9s un llibre de l\u2019editorial Gra\u00f3 que posa el di\u00e0leg i l\u2019\u00fas conscient del llenguatge al centre de la conviv\u00e8ncia escolar. El recurs ofereix propostes i reflexions [&hellip;]<\/p>\n","protected":false},"author":1,"featured_media":12696,"comment_status":"closed","ping_status":"open","sticky":false,"template":"","format":[404],"meta":{"site-sidebar-layout":"default","site-content-layout":"","ast-site-content-layout":"default","site-content-style":"default","site-sidebar-style":"default","ast-global-header-display":"","ast-banner-title-visibility":"","ast-main-header-display":"","ast-hfb-above-header-display":"","ast-hfb-below-header-display":"","ast-hfb-mobile-header-display":"","site-post-title":"","ast-breadcrumbs-content":"","ast-featured-img":"","footer-sml-layout":"","theme-transparent-header-meta":"","adv-header-id-meta":"","stick-header-meta":"","header-above-stick-meta":"","header-main-stick-meta":"","header-below-stick-meta":"","astra-migrate-meta-layouts":"set","ast-page-background-enabled":"default","ast-page-background-meta":{"desktop":{"background-color":"var(--ast-global-color-4)","background-image":"","background-repeat":"repeat","background-position":"center center","background-size":"auto","background-attachment":"scroll","background-type":"","background-media":"","overlay-type":"","overlay-color":"","overlay-opacity":"","overlay-gradient":""},"tablet":{"background-color":"","background-image":"","background-repeat":"repeat","background-position":"center center","background-size":"auto","background-attachment":"scroll","background-type":"","background-media":"","overlay-type":"","overlay-color":"","overlay-opacity":"","overlay-gradient":""},"mobile":{"background-color":"","background-image":"","background-repeat":"repeat","background-position":"center center","background-size":"auto","background-attachment":"scroll","background-type":"","background-media":"","overlay-type":"","overlay-color":"","overlay-opacity":"","overlay-gradient":""}},"ast-content-background-meta":{"desktop":{"background-color":"var(--ast-global-color-5)","background-image":"","background-repeat":"repeat","background-position":"center center","background-size":"auto","background-attachment":"scroll","background-type":"","background-media":"","overlay-type":"","overlay-color":"","overlay-opacity":"","overlay-gradient":""},"tablet":{"background-color":"var(--ast-global-color-5)","background-image":"","background-repeat":"repeat","background-position":"center center","background-size":"auto","background-attachment":"scroll","background-type":"","background-media":"","overlay-type":"","overlay-color":"","overlay-opacity":"","overlay-gradient":""},"mobile":{"background-color":"var(--ast-global-color-5)","background-image":"","background-repeat":"repeat","background-position":"center center","background-size":"auto","background-attachment":"scroll","background-type":"","background-media":"","overlay-type":"","overlay-color":"","overlay-opacity":"","overlay-gradient":""}},"footnotes":""},"categories":[340,1],"tags":[],"etapa":[403,401,402,399,400],"rol":[414,394,396,395],"class_list":["post-12698","post","type-post","status-publish","format-standard","has-post-thumbnail","hentry","category-benestar","category-general","etapa-adults","etapa-batxillerat","etapa-fp","etapa-primaria","etapa-secundaria","format-bibliografia","rol-coordinador","rol-docent","rol-orientador","rol-tutor"],"post_mailing_queue_ids":[],"_links":{"self":[{"href":"https:\/\/projectes.xtec.cat\/alumnat\/wp-json\/wp\/v2\/posts\/12698","targetHints":{"allow":["GET"]}}],"collection":[{"href":"https:\/\/projectes.xtec.cat\/alumnat\/wp-json\/wp\/v2\/posts"}],"about":[{"href":"https:\/\/projectes.xtec.cat\/alumnat\/wp-json\/wp\/v2\/types\/post"}],"author":[{"embeddable":true,"href":"https:\/\/projectes.xtec.cat\/alumnat\/wp-json\/wp\/v2\/users\/1"}],"replies":[{"embeddable":true,"href":"https:\/\/projectes.xtec.cat\/alumnat\/wp-json\/wp\/v2\/comments?post=12698"}],"version-history":[{"count":1,"href":"https:\/\/projectes.xtec.cat\/alumnat\/wp-json\/wp\/v2\/posts\/12698\/revisions"}],"predecessor-version":[{"id":12699,"href":"https:\/\/projectes.xtec.cat\/alumnat\/wp-json\/wp\/v2\/posts\/12698\/revisions\/12699"}],"wp:featuredmedia":[{"embeddable":true,"href":"https:\/\/projectes.xtec.cat\/alumnat\/wp-json\/wp\/v2\/media\/12696"}],"wp:attachment":[{"href":"https:\/\/projectes.xtec.cat\/alumnat\/wp-json\/wp\/v2\/media?parent=12698"}],"wp:term":[{"taxonomy":"category","embeddable":true,"href":"https:\/\/projectes.xtec.cat\/alumnat\/wp-json\/wp\/v2\/categories?post=12698"},{"taxonomy":"post_tag","embeddable":true,"href":"https:\/\/projectes.xtec.cat\/alumnat\/wp-json\/wp\/v2\/tags?post=12698"},{"taxonomy":"etapa","embeddable":true,"href":"https:\/\/projectes.xtec.cat\/alumnat\/wp-json\/wp\/v2\/etapa?post=12698"},{"taxonomy":"format","embeddable":true,"href":"https:\/\/projectes.xtec.cat\/alumnat\/wp-json\/wp\/v2\/format?post=12698"},{"taxonomy":"rol","embeddable":true,"href":"https:\/\/projectes.xtec.cat\/alumnat\/wp-json\/wp\/v2\/rol?post=12698"}],"curies":[{"name":"wp","href":"https:\/\/api.w.org\/{rel}","templated":true}]}}