{"id":12783,"date":"2026-09-01T12:47:29","date_gmt":"2026-09-01T10:47:29","guid":{"rendered":"https:\/\/projectes.xtec.cat\/alumnat\/?p=12783"},"modified":"2026-09-01T13:02:48","modified_gmt":"2026-09-01T11:02:48","slug":"cursos-en-linia-de-prevencio-de-lassetjament-aquiproubullying","status":"publish","type":"post","link":"https:\/\/projectes.xtec.cat\/alumnat\/cursos-en-linia-de-prevencio-de-lassetjament-aquiproubullying\/","title":{"rendered":"Cursos en l\u00ednia de prevenci\u00f3 de l&#8217;assetjament  #aquiproubullying"},"content":{"rendered":"\n<p>Des del Programa d\u2019Innovaci\u00f3 Educativa <strong>#aquiproubullying<\/strong> hem desenvolupat un itinerari formatiu en l\u00ednia i as\u00edncron orientat a la prevenci\u00f3 de l\u2019assetjament escolar. Els cursos inclouen l\u2019acompanyament d\u2019un tutor o tutora, que far\u00e0 un seguiment personalitzat de les activitats presentades.<\/p>\n\n\n\n<p>El cicle formatiu s\u2019inicia amb el curs <strong>Prevenci\u00f3 de l\u2019assetjament escolar: sensibilitzaci\u00f3 i observaci\u00f3<\/strong> conscient, que convida a reflexionar sobre la realitat de l\u2019assetjament escolar i el ciberassetjament. En aquest primer curs s\u2019aprofundeix en dues estrat\u00e8gies clau de la prevenci\u00f3: la sensibilitzaci\u00f3 envers el fenomen i l\u2019observaci\u00f3 conscient.<\/p>\n\n\n\n<p>Un cop completat aquest primer curs, es recomana continuar amb el curs <strong>Prevenci\u00f3 de l\u2019assetjament escolar: Provenci\u00f3<\/strong>, centrat en el concepte de provenci\u00f3, la seva aplicaci\u00f3 en la creaci\u00f3 i dinamitzaci\u00f3 de grups i la rellev\u00e0ncia del desenvolupament de l\u2019educaci\u00f3 socioemocional, situant la provenci\u00f3 com una de les estrat\u00e8gies preventives m\u00e9s rellevants.<\/p>\n\n\n\n<div class=\"wp-block-columns are-vertically-aligned-center is-layout-flex wp-container-core-columns-is-layout-1 wp-block-columns-is-layout-flex\">\n<div class=\"wp-block-column is-vertically-aligned-center is-layout-flow wp-block-column-is-layout-flow\" style=\"flex-basis:50%\">\n<figure class=\"wp-block-image alignleft size-large\"><img loading=\"lazy\" decoding=\"async\" width=\"1024\" height=\"576\" src=\"https:\/\/projectes.xtec.cat\/alumnat\/wp-content\/uploads\/usu2327\/2026\/01\/3-1024x576.png\" alt=\"20h del curs de Prevenci\u00f3 de l'assetjament escolar (Curs 1)\" class=\"wp-image-12423\" srcset=\"https:\/\/projectes.xtec.cat\/alumnat\/wp-content\/uploads\/usu2327\/2026\/01\/3-1024x576.png 1024w, https:\/\/projectes.xtec.cat\/alumnat\/wp-content\/uploads\/usu2327\/2026\/01\/3-300x169.png 300w, https:\/\/projectes.xtec.cat\/alumnat\/wp-content\/uploads\/usu2327\/2026\/01\/3-768x432.png 768w, https:\/\/projectes.xtec.cat\/alumnat\/wp-content\/uploads\/usu2327\/2026\/01\/3-1536x864.png 1536w, https:\/\/projectes.xtec.cat\/alumnat\/wp-content\/uploads\/usu2327\/2026\/01\/3.png 1920w\" sizes=\"auto, (max-width: 1024px) 100vw, 1024px\" \/><\/figure>\n<\/div>\n\n\n\n<div class=\"wp-block-column is-vertically-aligned-center is-layout-flow wp-block-column-is-layout-flow\" style=\"flex-basis:66.66%\">\n<p><strong>Inscripcions:<\/strong> del 4 al 20 de setembre de 2026<br><strong>Dates del curs:<\/strong> 20\/10\/2026 fins a 17\/11\/2026<br><strong>Hores:<\/strong> 20 h<br><strong>Codi activitat:<\/strong> 9002000517<br><strong>Enlla\u00e7 a la inscripci\u00f3: <\/strong><a href=\"https:\/\/aplicacions.gestioeducativa.gencat.cat\/ords\/pls\/soloas\/inscripcionsnp?codi=9002000517&amp;curs=2026-2027\" target=\"_blank\" rel=\"noreferrer noopener\">Prevenci\u00f3 de l&#8217;assetjament escolar: sensibilitzaci\u00f3 i observaci\u00f3 conscient.<\/a><\/p>\n<\/div>\n<\/div>\n\n\n\n<div style=\"height:36px\" aria-hidden=\"true\" class=\"wp-block-spacer\"><\/div>\n\n\n\n<div class=\"wp-block-columns are-vertically-aligned-center is-layout-flex wp-container-core-columns-is-layout-2 wp-block-columns-is-layout-flex\">\n<div class=\"wp-block-column is-vertically-aligned-center is-layout-flow wp-block-column-is-layout-flow\" style=\"flex-basis:50%\">\n<figure class=\"wp-block-image alignleft size-large is-resized\"><img loading=\"lazy\" decoding=\"async\" width=\"1024\" height=\"576\" src=\"https:\/\/projectes.xtec.cat\/alumnat\/wp-content\/uploads\/usu2327\/2026\/01\/4-1024x576.png\" alt=\"30h del curs de Prevenci\u00f3 de l'assetjament escolar (Curs 2)\" class=\"wp-image-12424\" style=\"width:347px;height:auto\" srcset=\"https:\/\/projectes.xtec.cat\/alumnat\/wp-content\/uploads\/usu2327\/2026\/01\/4-1024x576.png 1024w, https:\/\/projectes.xtec.cat\/alumnat\/wp-content\/uploads\/usu2327\/2026\/01\/4-300x169.png 300w, https:\/\/projectes.xtec.cat\/alumnat\/wp-content\/uploads\/usu2327\/2026\/01\/4-768x432.png 768w, https:\/\/projectes.xtec.cat\/alumnat\/wp-content\/uploads\/usu2327\/2026\/01\/4-1536x864.png 1536w, https:\/\/projectes.xtec.cat\/alumnat\/wp-content\/uploads\/usu2327\/2026\/01\/4.png 1920w\" sizes=\"auto, (max-width: 1024px) 100vw, 1024px\" \/><\/figure>\n<\/div>\n\n\n\n<div class=\"wp-block-column is-vertically-aligned-center is-layout-flow wp-block-column-is-layout-flow\" style=\"flex-basis:66.66%\">\n<p><strong>Inscripcions:<\/strong> del 4 al 20 de setembre de 2026<br><strong>Dates del curs:<\/strong> 20\/10\/2026 fins a 01\/12\/2026<br><strong>Hores:<\/strong> 30 h<br><strong>Codi activitat:<\/strong> 9003000517<br><strong>Enlla\u00e7 a la inscripci\u00f3:<\/strong> <a href=\"https:\/\/aplicacions.gestioeducativa.gencat.cat\/ords\/pls\/soloas\/inscripcionsnp?codi=9003000517&amp;curs=2026-2027\" target=\"_blank\" rel=\"noreferrer noopener\">Prevenci\u00f3 de l&#8217;assetjament escolar: provenci\u00f3<\/a><\/p>\n<\/div>\n<\/div>\n\n\n\n<p><\/p>\n","protected":false},"excerpt":{"rendered":"<p>Des del Programa d\u2019Innovaci\u00f3 Educativa #aquiproubullying hem desenvolupat un itinerari formatiu en l\u00ednia i as\u00edncron orientat a la prevenci\u00f3 de l\u2019assetjament escolar. Els cursos inclouen l\u2019acompanyament d\u2019un tutor o tutora, que far\u00e0 un seguiment personalitzat de les activitats presentades. El [&hellip;]<\/p>\n","protected":false},"author":2,"featured_media":12796,"comment_status":"closed","ping_status":"open","sticky":false,"template":"","format":[406],"meta":{"site-sidebar-layout":"default","site-content-layout":"","ast-site-content-layout":"default","site-content-style":"default","site-sidebar-style":"default","ast-global-header-display":"","ast-banner-title-visibility":"","ast-main-header-display":"","ast-hfb-above-header-display":"","ast-hfb-below-header-display":"","ast-hfb-mobile-header-display":"","site-post-title":"","ast-breadcrumbs-content":"","ast-featured-img":"","footer-sml-layout":"","theme-transparent-header-meta":"","adv-header-id-meta":"","stick-header-meta":"","header-above-stick-meta":"","header-main-stick-meta":"","header-below-stick-meta":"","astra-migrate-meta-layouts":"set","ast-page-background-enabled":"default","ast-page-background-meta":{"desktop":{"background-color":"var(--ast-global-color-4)","background-image":"","background-repeat":"repeat","background-position":"center center","background-size":"auto","background-attachment":"scroll","background-type":"","background-media":"","overlay-type":"","overlay-color":"","overlay-opacity":"","overlay-gradient":""},"tablet":{"background-color":"","background-image":"","background-repeat":"repeat","background-position":"center center","background-size":"auto","background-attachment":"scroll","background-type":"","background-media":"","overlay-type":"","overlay-color":"","overlay-opacity":"","overlay-gradient":""},"mobile":{"background-color":"","background-image":"","background-repeat":"repeat","background-position":"center center","background-size":"auto","background-attachment":"scroll","background-type":"","background-media":"","overlay-type":"","overlay-color":"","overlay-opacity":"","overlay-gradient":""}},"ast-content-background-meta":{"desktop":{"background-color":"var(--ast-global-color-5)","background-image":"","background-repeat":"repeat","background-position":"center center","background-size":"auto","background-attachment":"scroll","background-type":"","background-media":"","overlay-type":"","overlay-color":"","overlay-opacity":"","overlay-gradient":""},"tablet":{"background-color":"var(--ast-global-color-5)","background-image":"","background-repeat":"repeat","background-position":"center center","background-size":"auto","background-attachment":"scroll","background-type":"","background-media":"","overlay-type":"","overlay-color":"","overlay-opacity":"","overlay-gradient":""},"mobile":{"background-color":"var(--ast-global-color-5)","background-image":"","background-repeat":"repeat","background-position":"center center","background-size":"auto","background-attachment":"scroll","background-type":"","background-media":"","overlay-type":"","overlay-color":"","overlay-opacity":"","overlay-gradient":""}},"footnotes":""},"categories":[450,1],"tags":[],"etapa":[401,402,399,400],"rol":[414,394,397,396],"class_list":["post-12783","post","type-post","status-publish","format-standard","has-post-thumbnail","hentry","category-aquiproubullying","category-general","etapa-batxillerat","etapa-fp","etapa-primaria","etapa-secundaria","format-plans-programes","rol-coordinador","rol-docent","rol-equip-directiu","rol-orientador"],"post_mailing_queue_ids":[],"_links":{"self":[{"href":"https:\/\/projectes.xtec.cat\/alumnat\/wp-json\/wp\/v2\/posts\/12783","targetHints":{"allow":["GET"]}}],"collection":[{"href":"https:\/\/projectes.xtec.cat\/alumnat\/wp-json\/wp\/v2\/posts"}],"about":[{"href":"https:\/\/projectes.xtec.cat\/alumnat\/wp-json\/wp\/v2\/types\/post"}],"author":[{"embeddable":true,"href":"https:\/\/projectes.xtec.cat\/alumnat\/wp-json\/wp\/v2\/users\/2"}],"replies":[{"embeddable":true,"href":"https:\/\/projectes.xtec.cat\/alumnat\/wp-json\/wp\/v2\/comments?post=12783"}],"version-history":[{"count":6,"href":"https:\/\/projectes.xtec.cat\/alumnat\/wp-json\/wp\/v2\/posts\/12783\/revisions"}],"predecessor-version":[{"id":12795,"href":"https:\/\/projectes.xtec.cat\/alumnat\/wp-json\/wp\/v2\/posts\/12783\/revisions\/12795"}],"wp:featuredmedia":[{"embeddable":true,"href":"https:\/\/projectes.xtec.cat\/alumnat\/wp-json\/wp\/v2\/media\/12796"}],"wp:attachment":[{"href":"https:\/\/projectes.xtec.cat\/alumnat\/wp-json\/wp\/v2\/media?parent=12783"}],"wp:term":[{"taxonomy":"category","embeddable":true,"href":"https:\/\/projectes.xtec.cat\/alumnat\/wp-json\/wp\/v2\/categories?post=12783"},{"taxonomy":"post_tag","embeddable":true,"href":"https:\/\/projectes.xtec.cat\/alumnat\/wp-json\/wp\/v2\/tags?post=12783"},{"taxonomy":"etapa","embeddable":true,"href":"https:\/\/projectes.xtec.cat\/alumnat\/wp-json\/wp\/v2\/etapa?post=12783"},{"taxonomy":"format","embeddable":true,"href":"https:\/\/projectes.xtec.cat\/alumnat\/wp-json\/wp\/v2\/format?post=12783"},{"taxonomy":"rol","embeddable":true,"href":"https:\/\/projectes.xtec.cat\/alumnat\/wp-json\/wp\/v2\/rol?post=12783"}],"curies":[{"name":"wp","href":"https:\/\/api.w.org\/{rel}","templated":true}]}}