{"id":8734,"date":"2021-02-03T13:10:03","date_gmt":"2021-02-03T12:10:03","guid":{"rendered":"https:\/\/projectes.xtec.cat\/avancem\/?p=8734"},"modified":"2023-01-12T14:02:47","modified_gmt":"2023-01-12T13:02:47","slug":"clil-journal-of-innovation-and-research-in-plurilingual-and-pluricultural-education","status":"publish","type":"post","link":"https:\/\/projectes.xtec.cat\/avancem\/general\/clil-journal-of-innovation-and-research-in-plurilingual-and-pluricultural-education\/","title":{"rendered":"CLIL Journal of Innovation and Research in Plurilingual and Pluricultural Education"},"content":{"rendered":"<p><strong><em>CLIL Journal of Innovation and Research in Plurilingual and Pluricultural Education<\/em><\/strong>\u00a0\u00e9s una revista en l\u00ednia revisada per experts, orientada a professionals de l\u2019educaci\u00f3, que t\u00e9 per objectiu delimitar un territori com\u00fa a <a href=\"https:\/\/projectes.xtec.cat\/avancem\/wp-content\/uploads\/usu2068\/2021\/02\/CLILJ.png\"><img loading=\"lazy\" decoding=\"async\" class=\"alignleft size-full wp-image-8738\" src=\"https:\/\/projectes.xtec.cat\/avancem\/wp-content\/uploads\/usu2068\/2021\/02\/CLILJ.png\" alt=\"\" width=\"117\" height=\"110\" \/><\/a>professionals de la doc\u00e8ncia i la investigaci\u00f3 amb la finalitat de fomentar un debat a tres bandes que integri teoria, recerca emp\u00edrica i pr\u00e0ctiques innovadores. CJ desitja que tal debat condueixi a una millor comprensi\u00f3 de l\u2019educaci\u00f3 pluriling\u00fce i pluricultural i, amb aix\u00f2, al perfeccionament de la pr\u00e0ctica educativa.<\/p>\n<p>Revista de refer\u00e8ncia per al programa AVANCEM, disponible online. Accepta contribucions en angl\u00e8s, catal\u00e0 i castell\u00e0. <span style=\"font-family: inherit; font-size: 1em;\">Us animem a enviar-hi articles sobre les vostres pr\u00e0ctiques innovadores en tractament integrat de llengua i a descarregar-vos tots els que us resultin d&#8217;inter\u00e8s.<\/span><\/p>\n<table style=\"width: 348px; height: 31px;\">\n<tbody>\n<tr style=\"height: 31px;\">\n<td style=\"width: 342px; height: 31px;\"><a href=\"https:\/\/revistes.uab.cat\/clil\">\u00a0Acc\u00e9s a la revista<\/a> \u00a0 \u00a0 \u00a0 \u00a0 \u00a0 \u00a0 \u00a0 \u00a0 \u00a0 \u00a0 \u00a0 \u00a0 \u00a0 \u00a0 <a href=\"https:\/\/revistes.uab.cat\/clil\/issue\/view\/9\/showToc\">N\u00famero actual <\/a><\/td>\n<\/tr>\n<\/tbody>\n<\/table>\n","protected":false},"excerpt":{"rendered":"<p>CLIL Journal of Innovation and Research in Plurilingual and Pluricultural Education\u00a0\u00e9s una revista en l\u00ednia revisada per experts, orientada a professionals de l\u2019educaci\u00f3, que t\u00e9 per objectiu delimitar un territori com\u00fa a <a href=\"https:\/\/projectes.xtec.cat\/avancem\/wp-content\/uploads\/usu2068\/2021\/02\/CLILJ.png\"><\/a>professionals de la doc\u00e8ncia i la investigaci\u00f3 amb la finalitat de fomentar&hellip;  <a href=\"https:\/\/projectes.xtec.cat\/avancem\/general\/clil-journal-of-innovation-and-research-in-plurilingual-and-pluricultural-education\/\" title=\"Read CLIL Journal of Innovation and Research in Plurilingual and Pluricultural Education\">Llegeix m\u00e9s\u00bb<\/a><\/p>\n","protected":false},"author":1,"featured_media":0,"comment_status":"open","ping_status":"closed","sticky":false,"template":"","format":"standard","meta":{"_bbp_topic_count":0,"_bbp_reply_count":0,"_bbp_total_topic_count":0,"_bbp_total_reply_count":0,"_bbp_voice_count":0,"_bbp_anonymous_reply_count":0,"_bbp_topic_count_hidden":0,"_bbp_reply_count_hidden":0,"_bbp_forum_subforum_count":0,"footnotes":""},"categories":[1,29],"tags":[312,313,314,315,316,317,311,307,318,319],"class_list":["post-8734","post","type-post","status-publish","format-standard","hentry","category-general","category-portada","tag-aicle","tag-clil","tag-clil-journal","tag-emile","tag-innovacio","tag-practiques","tag-til","tag-tilc","tag-transllenguatge","tag-uab"],"post_mailing_queue_ids":[],"_links":{"self":[{"href":"https:\/\/projectes.xtec.cat\/avancem\/wp-json\/wp\/v2\/posts\/8734","targetHints":{"allow":["GET"]}}],"collection":[{"href":"https:\/\/projectes.xtec.cat\/avancem\/wp-json\/wp\/v2\/posts"}],"about":[{"href":"https:\/\/projectes.xtec.cat\/avancem\/wp-json\/wp\/v2\/types\/post"}],"author":[{"embeddable":true,"href":"https:\/\/projectes.xtec.cat\/avancem\/wp-json\/wp\/v2\/users\/1"}],"replies":[{"embeddable":true,"href":"https:\/\/projectes.xtec.cat\/avancem\/wp-json\/wp\/v2\/comments?post=8734"}],"version-history":[{"count":3,"href":"https:\/\/projectes.xtec.cat\/avancem\/wp-json\/wp\/v2\/posts\/8734\/revisions"}],"predecessor-version":[{"id":8741,"href":"https:\/\/projectes.xtec.cat\/avancem\/wp-json\/wp\/v2\/posts\/8734\/revisions\/8741"}],"wp:attachment":[{"href":"https:\/\/projectes.xtec.cat\/avancem\/wp-json\/wp\/v2\/media?parent=8734"}],"wp:term":[{"taxonomy":"category","embeddable":true,"href":"https:\/\/projectes.xtec.cat\/avancem\/wp-json\/wp\/v2\/categories?post=8734"},{"taxonomy":"post_tag","embeddable":true,"href":"https:\/\/projectes.xtec.cat\/avancem\/wp-json\/wp\/v2\/tags?post=8734"}],"curies":[{"name":"wp","href":"https:\/\/api.w.org\/{rel}","templated":true}]}}