{"id":9198,"date":"2023-02-02T09:00:40","date_gmt":"2023-02-02T08:00:40","guid":{"rendered":"https:\/\/projectes.xtec.cat\/avancem\/?p=9198"},"modified":"2023-10-30T17:50:35","modified_gmt":"2023-10-30T16:50:35","slug":"webinar-3-%f0%9f%93%9f-la-inteligencia-articicial-no-dara-tu-clase-pero-si-quiere-cambiar-tu-escuela-a-carrec-del-dr-fernado-trujillo","status":"publish","type":"post","link":"https:\/\/projectes.xtec.cat\/avancem\/portada\/webinar-3-%f0%9f%93%9f-la-inteligencia-articicial-no-dara-tu-clase-pero-si-quiere-cambiar-tu-escuela-a-carrec-del-dr-fernado-trujillo\/","title":{"rendered":"Webinar 3# \ud83d\udcdf &#8220;La inteligencia articicial no dar\u00e1 tu clase pero s\u00ed quiere cambiar tu escuela&#8221; a c\u00e0rrec del Dr Fernado Trujillo"},"content":{"rendered":"<p>Dilluns 6 de febrer a les 18:00h podrem gaudir de la confer\u00e8ncia del Dr Fernando Trujillo que ens parlar\u00e0 de l&#8217;impacte imparable de la tecnologia a les aules, amb tots els beneficis que ens aporta i tamb\u00e9 les precaucions que cal tenir en ment per optimitzar l&#8217;\u00fas de la tecnologia a les aules.<\/p>\n<p><a href=\"https:\/\/projectes.xtec.cat\/avancem\/wp-content\/uploads\/usu2068\/2023\/02\/Difusio-NODES-4.jpg\"><img loading=\"lazy\" decoding=\"async\" class=\"alignnone size-full wp-image-9244\" src=\"https:\/\/projectes.xtec.cat\/avancem\/wp-content\/uploads\/usu2068\/2023\/02\/Difusio-NODES-4.jpg\" alt=\"\" width=\"960\" height=\"540\" \/><\/a><\/p>\n<p>Si no has rebut el correu del Servei de Lleng\u00fces Estrangeres amb l&#8217;enlla\u00e7 per a la sessi\u00f3, si et plau, contacta amb nosaltres a l&#8217;adre\u00e7a <a href=\"mailto:formacio.sle@xtec.cat\">formacio.sle@xtec.cat<\/a>.<\/p>\n<p>Subscriviu-vos a la <strong>portada del NODES AVANCEM<\/strong> i seguiu-nos a <strong>Twitter <\/strong><a href=\"https:\/\/twitter.com\/InnovacioSLEO\">@innovacioSLEO<\/a> i <a href=\"https:\/\/twitter.com\/fle_sleo\">@fle_sleo<\/a> per estar al dia de les \u00faltimes novetats!<\/p>\n<h6>Us hi esperem!<\/h6>\n","protected":false},"excerpt":{"rendered":"<p>Dilluns 6 de febrer a les 18:00h podrem gaudir de la confer\u00e8ncia del Dr Fernando Trujillo que ens parlar\u00e0 de l&#8217;impacte imparable de la tecnologia a les aules, amb tots els beneficis que ens aporta i tamb\u00e9 les precaucions que cal tenir en ment per optimitzar l&#8217;\u00fas de la tecnologia a les aules.&hellip;  <a href=\"https:\/\/projectes.xtec.cat\/avancem\/portada\/webinar-3-%f0%9f%93%9f-la-inteligencia-articicial-no-dara-tu-clase-pero-si-quiere-cambiar-tu-escuela-a-carrec-del-dr-fernado-trujillo\/\" title=\"Read Webinar 3# \ud83d\udcdf &#8220;La inteligencia articicial no dar\u00e1 tu clase pero s\u00ed quiere cambiar tu escuela&#8221; a c\u00e0rrec del Dr Fernado Trujillo\">Llegeix m\u00e9s\u00bb<\/a><\/p>\n","protected":false},"author":1,"featured_media":9244,"comment_status":"open","ping_status":"closed","sticky":false,"template":"","format":"standard","meta":{"_bbp_topic_count":0,"_bbp_reply_count":0,"_bbp_total_topic_count":0,"_bbp_total_reply_count":0,"_bbp_voice_count":0,"_bbp_anonymous_reply_count":0,"_bbp_topic_count_hidden":0,"_bbp_reply_count_hidden":0,"_bbp_forum_subforum_count":0,"footnotes":""},"categories":[330,29],"tags":[337,320],"class_list":["post-9198","post","type-post","status-publish","format-standard","has-post-thumbnail","hentry","category-nous-horitzons","category-portada","tag-formacio","tag-webinars"],"post_mailing_queue_ids":[],"_links":{"self":[{"href":"https:\/\/projectes.xtec.cat\/avancem\/wp-json\/wp\/v2\/posts\/9198","targetHints":{"allow":["GET"]}}],"collection":[{"href":"https:\/\/projectes.xtec.cat\/avancem\/wp-json\/wp\/v2\/posts"}],"about":[{"href":"https:\/\/projectes.xtec.cat\/avancem\/wp-json\/wp\/v2\/types\/post"}],"author":[{"embeddable":true,"href":"https:\/\/projectes.xtec.cat\/avancem\/wp-json\/wp\/v2\/users\/1"}],"replies":[{"embeddable":true,"href":"https:\/\/projectes.xtec.cat\/avancem\/wp-json\/wp\/v2\/comments?post=9198"}],"version-history":[{"count":4,"href":"https:\/\/projectes.xtec.cat\/avancem\/wp-json\/wp\/v2\/posts\/9198\/revisions"}],"predecessor-version":[{"id":9339,"href":"https:\/\/projectes.xtec.cat\/avancem\/wp-json\/wp\/v2\/posts\/9198\/revisions\/9339"}],"wp:featuredmedia":[{"embeddable":true,"href":"https:\/\/projectes.xtec.cat\/avancem\/wp-json\/wp\/v2\/media\/9244"}],"wp:attachment":[{"href":"https:\/\/projectes.xtec.cat\/avancem\/wp-json\/wp\/v2\/media?parent=9198"}],"wp:term":[{"taxonomy":"category","embeddable":true,"href":"https:\/\/projectes.xtec.cat\/avancem\/wp-json\/wp\/v2\/categories?post=9198"},{"taxonomy":"post_tag","embeddable":true,"href":"https:\/\/projectes.xtec.cat\/avancem\/wp-json\/wp\/v2\/tags?post=9198"}],"curies":[{"name":"wp","href":"https:\/\/api.w.org\/{rel}","templated":true}]}}