{"id":9366,"date":"2023-11-29T15:05:37","date_gmt":"2023-11-29T14:05:37","guid":{"rendered":"https:\/\/projectes.xtec.cat\/avancem\/?p=9366"},"modified":"2023-12-12T10:41:37","modified_gmt":"2023-12-12T09:41:37","slug":"%f0%9f%94%94-iv-cicle-de-webinars-nous-horitzons-en-lensenyament-i-laprenentatge-de-les-llengues-inscripcions-obertes-2024","status":"publish","type":"post","link":"https:\/\/projectes.xtec.cat\/avancem\/portada\/%f0%9f%94%94-iv-cicle-de-webinars-nous-horitzons-en-lensenyament-i-laprenentatge-de-les-llengues-inscripcions-obertes-2024\/","title":{"rendered":"\ud83d\udd14 IV Cicle de webinars &#8220;Nous Horitzons en l&#8217;ensenyament i l&#8217;aprenentatge de les lleng\u00fces&#8221;: Inscripcions obertes 2024!"},"content":{"rendered":"<p>Ja us podeu inscriure al <strong>IV cicle de webinars \u201cNous horitzons en l\u2019ensenyament i aprenentatge de les lleng\u00fces\u201d<\/strong>. El cicle consta d&#8217;un total de 10 webinars a c\u00e0rrec de diversos ponents i sobre tem\u00e0tiques d&#8217;actualitat en relaci\u00f3 a l&#8217;ensenyament i l&#8217;aprenentatge de les lleng\u00fces. Tots els webinars s\u00f3n en dilluns de les 18:00h a les 19:30h.<\/p>\n<p><a href=\"https:\/\/projectes.xtec.cat\/avancem\/wp-content\/uploads\/usu2068\/2023\/11\/Nous-Horitzons-2024-vertical.jpg\"><img loading=\"lazy\" decoding=\"async\" class=\"wp-image-9371 aligncenter\" src=\"https:\/\/projectes.xtec.cat\/avancem\/wp-content\/uploads\/usu2068\/2023\/11\/Nous-Horitzons-2024-vertical.jpg\" alt=\"\" width=\"888\" height=\"1063\" srcset=\"https:\/\/projectes.xtec.cat\/avancem\/wp-content\/uploads\/usu2068\/2023\/11\/Nous-Horitzons-2024-vertical.jpg 1920w, https:\/\/projectes.xtec.cat\/avancem\/wp-content\/uploads\/usu2068\/2023\/11\/Nous-Horitzons-2024-vertical-250x300.jpg 250w, https:\/\/projectes.xtec.cat\/avancem\/wp-content\/uploads\/usu2068\/2023\/11\/Nous-Horitzons-2024-vertical-855x1024.jpg 855w, https:\/\/projectes.xtec.cat\/avancem\/wp-content\/uploads\/usu2068\/2023\/11\/Nous-Horitzons-2024-vertical-768x920.jpg 768w, https:\/\/projectes.xtec.cat\/avancem\/wp-content\/uploads\/usu2068\/2023\/11\/Nous-Horitzons-2024-vertical-1282x1536.jpg 1282w, https:\/\/projectes.xtec.cat\/avancem\/wp-content\/uploads\/usu2068\/2023\/11\/Nous-Horitzons-2024-vertical-1710x2048.jpg 1710w\" sizes=\"auto, (max-width: 888px) 100vw, 888px\" \/><\/a><\/p>\n<p>&nbsp;<\/p>\n<h6>Cliqueu la icona per inscriure-us\u00a0 \u00a0<a href=\"https:\/\/aplicacions.gestioeducativa.gencat.cat\/pls\/soloas\/pk_for_mod_ins.p_for_detall_activitat?p_header=Llista%20d%27activitats^pk_for_mod_ins.p_for_cons_activitats?%26p_inici=1%26p_excloure_crp_rec=T&amp;p_codi=9003140542&amp;p_curs=2023-2024\"><img loading=\"lazy\" decoding=\"async\" class=\"alignnone size-full wp-image-11227\" src=\"https:\/\/projectes.xtec.cat\/gep\/wp-content\/uploads\/usu682\/2023\/05\/Formacio-destiu-SLEO-23-Descripcio-Cartell.png\" alt=\"\" width=\"54\" height=\"48\" \/><\/a><\/h6>\n<p><strong>Inscripcions obertes fins el 8 de gener de 2024 incl\u00f2s.<\/strong><\/p>\n<p>&nbsp;<\/p>\n<p>Seguiu-nos a\u00a0<a href=\"https:\/\/projectes.xtec.cat\/gep\/wp-content\/uploads\/usu682\/2022\/11\/NODES_icona.png\"><img loading=\"lazy\" decoding=\"async\" class=\"alignnone wp-image-10702\" src=\"https:\/\/projectes.xtec.cat\/gep\/wp-content\/uploads\/usu682\/2022\/11\/NODES_icona.png\" sizes=\"auto, (max-width: 28px) 100vw, 28px\" srcset=\"https:\/\/projectes.xtec.cat\/gep\/wp-content\/uploads\/usu682\/2022\/11\/NODES_icona.png 225w, https:\/\/projectes.xtec.cat\/gep\/wp-content\/uploads\/usu682\/2022\/11\/NODES_icona-150x150.png 150w\" alt=\"\" width=\"28\" height=\"28\" \/><\/a>\u00a0<em>NODES Avancem<\/em>. Subscriviu-vos al butllet\u00ed de la portada i rebreu totes les novetats puntualment!<\/p>\n<p>Seguin-nos a <img loading=\"lazy\" decoding=\"async\" class=\"alignnone wp-image-11474\" src=\"https:\/\/projectes.xtec.cat\/gep\/wp-content\/uploads\/usu682\/2023\/11\/sl_z_072523_61700_05-1024x1024.jpg\" alt=\"\" width=\"32\" height=\"32\" \/> <em><span class=\"\">@InnovacioSLEO i @fle_sleo<\/span><\/em>\u00a0per estar ben informats!<\/p>\n<h6>Us hi esperem!<\/h6>\n<p>&nbsp;<\/p>\n","protected":false},"excerpt":{"rendered":"<p>Ja us podeu inscriure al IV cicle de webinars \u201cNous horitzons en l\u2019ensenyament i aprenentatge de les lleng\u00fces\u201d. El cicle consta d&#8217;un total de 10 webinars a c\u00e0rrec de diversos ponents i sobre tem\u00e0tiques d&#8217;actualitat en relaci\u00f3 a l&#8217;ensenyament i l&#8217;aprenentatge de les lleng\u00fces. Tots els webinars s\u00f3n en dilluns de les 18:00h a les 19:30h.&hellip;  <a href=\"https:\/\/projectes.xtec.cat\/avancem\/portada\/%f0%9f%94%94-iv-cicle-de-webinars-nous-horitzons-en-lensenyament-i-laprenentatge-de-les-llengues-inscripcions-obertes-2024\/\" title=\"Read \ud83d\udd14 IV Cicle de webinars &#8220;Nous Horitzons en l&#8217;ensenyament i l&#8217;aprenentatge de les lleng\u00fces&#8221;: Inscripcions obertes 2024!\">Llegeix m\u00e9s\u00bb<\/a><\/p>\n","protected":false},"author":1,"featured_media":9372,"comment_status":"open","ping_status":"closed","sticky":false,"template":"","format":"standard","meta":{"_bbp_topic_count":0,"_bbp_reply_count":0,"_bbp_total_topic_count":0,"_bbp_total_reply_count":0,"_bbp_voice_count":0,"_bbp_anonymous_reply_count":0,"_bbp_topic_count_hidden":0,"_bbp_reply_count_hidden":0,"_bbp_forum_subforum_count":0,"footnotes":""},"categories":[330,29],"tags":[320],"class_list":["post-9366","post","type-post","status-publish","format-standard","has-post-thumbnail","hentry","category-nous-horitzons","category-portada","tag-webinars"],"post_mailing_queue_ids":[],"_links":{"self":[{"href":"https:\/\/projectes.xtec.cat\/avancem\/wp-json\/wp\/v2\/posts\/9366","targetHints":{"allow":["GET"]}}],"collection":[{"href":"https:\/\/projectes.xtec.cat\/avancem\/wp-json\/wp\/v2\/posts"}],"about":[{"href":"https:\/\/projectes.xtec.cat\/avancem\/wp-json\/wp\/v2\/types\/post"}],"author":[{"embeddable":true,"href":"https:\/\/projectes.xtec.cat\/avancem\/wp-json\/wp\/v2\/users\/1"}],"replies":[{"embeddable":true,"href":"https:\/\/projectes.xtec.cat\/avancem\/wp-json\/wp\/v2\/comments?post=9366"}],"version-history":[{"count":4,"href":"https:\/\/projectes.xtec.cat\/avancem\/wp-json\/wp\/v2\/posts\/9366\/revisions"}],"predecessor-version":[{"id":9373,"href":"https:\/\/projectes.xtec.cat\/avancem\/wp-json\/wp\/v2\/posts\/9366\/revisions\/9373"}],"wp:featuredmedia":[{"embeddable":true,"href":"https:\/\/projectes.xtec.cat\/avancem\/wp-json\/wp\/v2\/media\/9372"}],"wp:attachment":[{"href":"https:\/\/projectes.xtec.cat\/avancem\/wp-json\/wp\/v2\/media?parent=9366"}],"wp:term":[{"taxonomy":"category","embeddable":true,"href":"https:\/\/projectes.xtec.cat\/avancem\/wp-json\/wp\/v2\/categories?post=9366"},{"taxonomy":"post_tag","embeddable":true,"href":"https:\/\/projectes.xtec.cat\/avancem\/wp-json\/wp\/v2\/tags?post=9366"}],"curies":[{"name":"wp","href":"https:\/\/api.w.org\/{rel}","templated":true}]}}