{"id":9412,"date":"2024-04-05T10:27:11","date_gmt":"2024-04-05T08:27:11","guid":{"rendered":"https:\/\/projectes.xtec.cat\/avancem\/?p=9412"},"modified":"2025-01-07T12:54:20","modified_gmt":"2025-01-07T11:54:20","slug":"webinar-6-%f0%9f%93%9a-els-itineraris-de-lectura-una-eina-per-a-la-formacio-de-lectors-literaris-a-carrec-de-dra-ana-maria-margallo","status":"publish","type":"post","link":"https:\/\/projectes.xtec.cat\/avancem\/portada\/webinar-6-%f0%9f%93%9a-els-itineraris-de-lectura-una-eina-per-a-la-formacio-de-lectors-literaris-a-carrec-de-dra-ana-maria-margallo\/","title":{"rendered":"Webinar 6# \ud83d\udcda Els itineraris de lectura, una eina per a la formaci\u00f3 de lectors literaris a c\u00e0rrec de Dra. Ana Mar\u00eda Margallo"},"content":{"rendered":"<p>El pr\u00f2xim dilluns <strong>8 d&#8217;abril a les 18.00 h<\/strong> podrem gaudir de la presentaci\u00f3 de la <strong><a href=\"https:\/\/portalrecerca.uab.cat\/ca\/persons\/ana-maria-margallo-gonzalez-3\">Dra. Ana Mar\u00eda Margallo<\/a><\/strong> que ens compartir\u00e0 idees i estrat\u00e8gies per crear itineraris de lectura a l&#8217;escola i ajudar l&#8217;alumnat a esdevenir lectors literaris aut\u00f2noms progressivament.<\/p>\n<p><a href=\"https:\/\/projectes.xtec.cat\/gep\/wp-content\/uploads\/usu682\/2024\/04\/Webinar-6-2024-Ana-Maria-Margallo-.jpg\"><img loading=\"lazy\" decoding=\"async\" class=\"alignnone size-large wp-image-11555\" src=\"https:\/\/projectes.xtec.cat\/gep\/wp-content\/uploads\/usu682\/2024\/04\/Webinar-6-2024-Ana-Maria-Margallo--1024x576.jpg\" alt=\"\" width=\"1024\" height=\"576\" \/><\/a><\/p>\n<p>Si no has rebut el correu del Servei de Lleng\u00fces Estrangeres amb l\u2019enlla\u00e7 per a la sessi\u00f3, si et plau, contacta amb nosaltres a l\u2019adre\u00e7a\u00a0<a href=\"mailto:formacio.sle@xtec.cat\">formacio.sle@xtec.cat<\/a>.<\/p>\n<p>Subscriu-te a la\u00a0<strong>portada del NODES AVANCEM<\/strong>\u00a0i segueix-nos a\u00a0<strong>Twitter\u00a0<\/strong><a href=\"https:\/\/twitter.com\/InnovacioSLEO\">@innovacioSLEO<\/a>\u00a0i\u00a0<a href=\"https:\/\/twitter.com\/fle_sleo\">@fle_sleo<\/a>\u00a0per estar al dia de les \u00faltimes novetats!<\/p>\n<h6>T\u2019hi esperem!<\/h6>\n","protected":false},"excerpt":{"rendered":"<p>El pr\u00f2xim dilluns 8 d&#8217;abril a les 18.00 h podrem gaudir de la presentaci\u00f3 de la Dra. Ana Mar\u00eda Margallo que ens compartir\u00e0 idees i estrat\u00e8gies per crear itineraris de lectura a l&#8217;escola i ajudar l&#8217;alumnat a esdevenir lectors literaris aut\u00f2noms progressivament.&hellip;  <a href=\"https:\/\/projectes.xtec.cat\/avancem\/portada\/webinar-6-%f0%9f%93%9a-els-itineraris-de-lectura-una-eina-per-a-la-formacio-de-lectors-literaris-a-carrec-de-dra-ana-maria-margallo\/\" title=\"Read Webinar 6# \ud83d\udcda Els itineraris de lectura, una eina per a la formaci\u00f3 de lectors literaris a c\u00e0rrec de Dra. Ana Mar\u00eda Margallo\">Llegeix m\u00e9s\u00bb<\/a><\/p>\n","protected":false},"author":1,"featured_media":9413,"comment_status":"open","ping_status":"closed","sticky":false,"template":"","format":"standard","meta":{"_bbp_topic_count":0,"_bbp_reply_count":0,"_bbp_total_topic_count":0,"_bbp_total_reply_count":0,"_bbp_voice_count":0,"_bbp_anonymous_reply_count":0,"_bbp_topic_count_hidden":0,"_bbp_reply_count_hidden":0,"_bbp_forum_subforum_count":0,"footnotes":""},"categories":[330,29],"tags":[320],"class_list":["post-9412","post","type-post","status-publish","format-standard","has-post-thumbnail","hentry","category-nous-horitzons","category-portada","tag-webinars"],"post_mailing_queue_ids":[],"_links":{"self":[{"href":"https:\/\/projectes.xtec.cat\/avancem\/wp-json\/wp\/v2\/posts\/9412","targetHints":{"allow":["GET"]}}],"collection":[{"href":"https:\/\/projectes.xtec.cat\/avancem\/wp-json\/wp\/v2\/posts"}],"about":[{"href":"https:\/\/projectes.xtec.cat\/avancem\/wp-json\/wp\/v2\/types\/post"}],"author":[{"embeddable":true,"href":"https:\/\/projectes.xtec.cat\/avancem\/wp-json\/wp\/v2\/users\/1"}],"replies":[{"embeddable":true,"href":"https:\/\/projectes.xtec.cat\/avancem\/wp-json\/wp\/v2\/comments?post=9412"}],"version-history":[{"count":1,"href":"https:\/\/projectes.xtec.cat\/avancem\/wp-json\/wp\/v2\/posts\/9412\/revisions"}],"predecessor-version":[{"id":9414,"href":"https:\/\/projectes.xtec.cat\/avancem\/wp-json\/wp\/v2\/posts\/9412\/revisions\/9414"}],"wp:featuredmedia":[{"embeddable":true,"href":"https:\/\/projectes.xtec.cat\/avancem\/wp-json\/wp\/v2\/media\/9413"}],"wp:attachment":[{"href":"https:\/\/projectes.xtec.cat\/avancem\/wp-json\/wp\/v2\/media?parent=9412"}],"wp:term":[{"taxonomy":"category","embeddable":true,"href":"https:\/\/projectes.xtec.cat\/avancem\/wp-json\/wp\/v2\/categories?post=9412"},{"taxonomy":"post_tag","embeddable":true,"href":"https:\/\/projectes.xtec.cat\/avancem\/wp-json\/wp\/v2\/tags?post=9412"}],"curies":[{"name":"wp","href":"https:\/\/api.w.org\/{rel}","templated":true}]}}