{"id":9421,"date":"2024-05-10T09:00:20","date_gmt":"2024-05-10T07:00:20","guid":{"rendered":"https:\/\/projectes.xtec.cat\/avancem\/?p=9421"},"modified":"2025-01-07T12:52:35","modified_gmt":"2025-01-07T11:52:35","slug":"webinar-9-%f0%9f%94%97-disseny-dactivitats-per-a-laprenentatge-de-llengues-estrangeres-en-entorns-hibrids-i-en-linia-a-carrec-de-lourdes-guardia-i-christine-appel","status":"publish","type":"post","link":"https:\/\/projectes.xtec.cat\/avancem\/portada\/webinar-9-%f0%9f%94%97-disseny-dactivitats-per-a-laprenentatge-de-llengues-estrangeres-en-entorns-hibrids-i-en-linia-a-carrec-de-lourdes-guardia-i-christine-appel\/","title":{"rendered":"Webinar 9# \ud83d\udd17 Disseny d\u2019activitats per a l\u2019aprenentatge de lleng\u00fces estrangeres en entorns h\u00edbrids i en l\u00ednia a c\u00e0rrec de Lourdes Gu\u00e0rdia i Christine Appel"},"content":{"rendered":"<p>El pr\u00f2xim dilluns <strong>13 de maig a les 18.00 h<\/strong> podrem escoltar la presentaci\u00f3 de la <a href=\"https:\/\/www.uoc.edu\/ca\/news\/serveis-per-a-mitjans\/guia-experts\/lourdes-guardia\">Dra. Lourdes Gu\u00e0rdia<\/a> i la <a href=\"https:\/\/www.uoc.edu\/ca\/news\/serveis-per-a-mitjans\/guia-experts\/christine-appel\">Dra. Christine Appel<\/a> que ens parlaran del disseny d&#8217;activitats per a l&#8217;aprenentatge de lleng\u00fces estrangers en entorns h\u00edbrids i en l\u00ednia. Les ponents ens compartiran el seu coneixement i la seva experi\u00e8ncia en dissenyar activitats per a entorns h\u00edbrids i en l\u00ednia, no nom\u00e9s des del punt de vista did\u00e0ctic, sin\u00f3 tamb\u00e9 com la tecnologia contribueix positivament en el disseny.<\/p>\n<p><a href=\"https:\/\/projectes.xtec.cat\/gep\/wp-content\/uploads\/usu682\/2024\/05\/Webinar-9-Lourdes-Guardi-Christine-Appel.jpg\"><img loading=\"lazy\" decoding=\"async\" class=\"alignnone size-large wp-image-11581\" src=\"https:\/\/projectes.xtec.cat\/gep\/wp-content\/uploads\/usu682\/2024\/05\/Webinar-9-Lourdes-Guardi-Christine-Appel-1024x576.jpg\" alt=\"\" width=\"1024\" height=\"576\" \/><\/a><\/p>\n<p>Si no has rebut el correu del Servei de Lleng\u00fces Estrangeres amb l\u2019enlla\u00e7 per a la sessi\u00f3, si et plau, contacta amb nosaltres a l\u2019adre\u00e7a\u00a0<a href=\"mailto:formacio.sle@xtec.cat\">formacio.sle@xtec.cat<\/a>.<\/p>\n<p>Subscriu-te a la\u00a0<strong>portada del NODES AVANCEM<\/strong>\u00a0i segueix-nos a\u00a0<strong>Twitter\u00a0<\/strong><a href=\"https:\/\/twitter.com\/InnovacioSLEO\">@innovacioSLEO<\/a>\u00a0i\u00a0<a href=\"https:\/\/twitter.com\/fle_sleo\">@fle_sleo<\/a>\u00a0per estar al dia de les \u00faltimes novetats!<\/p>\n<h6>T\u2019hi esperem!<\/h6>\n","protected":false},"excerpt":{"rendered":"<p>El pr\u00f2xim dilluns 13 de maig a les 18.00 h podrem escoltar la presentaci\u00f3 de la Dra. Lourdes Gu\u00e0rdia i la Dra. Christine Appel que ens parlaran del disseny d&#8217;activitats per a l&#8217;aprenentatge de lleng\u00fces estrangers en entorns h\u00edbrids i en l\u00ednia.&hellip;  <a href=\"https:\/\/projectes.xtec.cat\/avancem\/portada\/webinar-9-%f0%9f%94%97-disseny-dactivitats-per-a-laprenentatge-de-llengues-estrangeres-en-entorns-hibrids-i-en-linia-a-carrec-de-lourdes-guardia-i-christine-appel\/\" title=\"Read Webinar 9# \ud83d\udd17 Disseny d\u2019activitats per a l\u2019aprenentatge de lleng\u00fces estrangeres en entorns h\u00edbrids i en l\u00ednia a c\u00e0rrec de Lourdes Gu\u00e0rdia i Christine Appel\">Llegeix m\u00e9s\u00bb<\/a><\/p>\n","protected":false},"author":1,"featured_media":9422,"comment_status":"open","ping_status":"closed","sticky":false,"template":"","format":"standard","meta":{"_bbp_topic_count":0,"_bbp_reply_count":0,"_bbp_total_topic_count":0,"_bbp_total_reply_count":0,"_bbp_voice_count":0,"_bbp_anonymous_reply_count":0,"_bbp_topic_count_hidden":0,"_bbp_reply_count_hidden":0,"_bbp_forum_subforum_count":0,"footnotes":""},"categories":[330,29],"tags":[320],"class_list":["post-9421","post","type-post","status-publish","format-standard","has-post-thumbnail","hentry","category-nous-horitzons","category-portada","tag-webinars"],"post_mailing_queue_ids":[],"_links":{"self":[{"href":"https:\/\/projectes.xtec.cat\/avancem\/wp-json\/wp\/v2\/posts\/9421","targetHints":{"allow":["GET"]}}],"collection":[{"href":"https:\/\/projectes.xtec.cat\/avancem\/wp-json\/wp\/v2\/posts"}],"about":[{"href":"https:\/\/projectes.xtec.cat\/avancem\/wp-json\/wp\/v2\/types\/post"}],"author":[{"embeddable":true,"href":"https:\/\/projectes.xtec.cat\/avancem\/wp-json\/wp\/v2\/users\/1"}],"replies":[{"embeddable":true,"href":"https:\/\/projectes.xtec.cat\/avancem\/wp-json\/wp\/v2\/comments?post=9421"}],"version-history":[{"count":1,"href":"https:\/\/projectes.xtec.cat\/avancem\/wp-json\/wp\/v2\/posts\/9421\/revisions"}],"predecessor-version":[{"id":9423,"href":"https:\/\/projectes.xtec.cat\/avancem\/wp-json\/wp\/v2\/posts\/9421\/revisions\/9423"}],"wp:featuredmedia":[{"embeddable":true,"href":"https:\/\/projectes.xtec.cat\/avancem\/wp-json\/wp\/v2\/media\/9422"}],"wp:attachment":[{"href":"https:\/\/projectes.xtec.cat\/avancem\/wp-json\/wp\/v2\/media?parent=9421"}],"wp:term":[{"taxonomy":"category","embeddable":true,"href":"https:\/\/projectes.xtec.cat\/avancem\/wp-json\/wp\/v2\/categories?post=9421"},{"taxonomy":"post_tag","embeddable":true,"href":"https:\/\/projectes.xtec.cat\/avancem\/wp-json\/wp\/v2\/tags?post=9421"}],"curies":[{"name":"wp","href":"https:\/\/api.w.org\/{rel}","templated":true}]}}