{"id":9551,"date":"2025-01-30T14:29:56","date_gmt":"2025-01-30T13:29:56","guid":{"rendered":"https:\/\/projectes.xtec.cat\/avancem\/?p=9551"},"modified":"2025-06-13T09:30:29","modified_gmt":"2025-06-13T07:30:29","slug":"v-cicle-de-webinars-nous-horitzons-en-lensenyament-i-laprenentatge-de-les-llengues-2024-2025","status":"publish","type":"post","link":"https:\/\/projectes.xtec.cat\/avancem\/enregistraments-webinars\/v-cicle-de-webinars-nous-horitzons-en-lensenyament-i-laprenentatge-de-les-llengues-2024-2025\/","title":{"rendered":"V Cicle de webinars \u201cNous Horitzons en l\u2019ensenyament i l\u2019aprenentatge de les lleng\u00fces\u201d 2024-2025"},"content":{"rendered":"<p>&nbsp;<\/p>\n<table style=\"height: 476px; width: 50.0804%; border-color: #7c8f6a; border-style: double;\">\n<tbody>\n<tr style=\"height: 463px;\">\n<td style=\"width: 100%; height: 463px;\">\n<h3><strong>Webinar 10<\/strong><\/h3>\n<h5><b><i>Why language teacher wellbeing matters for learner engagement? 5 action steps<\/i><\/b><\/h5>\n<h5><span style=\"font-weight: 400;\">A c\u00e0rrec de: Dr. Sarah Jane Mercer (University of Graz)<\/span><\/h5>\n<h3><strong><iframe loading=\"lazy\" src=\"https:\/\/www.youtube.com\/embed\/K7GtJMz7DdU?si=ItOTm8W9y6eR-Dyp\" width=\"560\" height=\"315\" frameborder=\"0\" data-mce-fragment=\"1\"><span data-mce-type=\"bookmark\" style=\"display: inline-block; width: 0px; overflow: hidden; line-height: 0;\" class=\"mce_SELRES_start\">\ufeff<\/span><span data-mce-type=\"bookmark\" style=\"display: inline-block; width: 0px; overflow: hidden; line-height: 0;\" class=\"mce_SELRES_start\">\ufeff<\/span><span data-mce-type=\"bookmark\" style=\"display: inline-block; width: 0px; overflow: hidden; line-height: 0;\" class=\"mce_SELRES_start\">\ufeff<\/span><span data-mce-type=\"bookmark\" style=\"display: inline-block; width: 0px; overflow: hidden; line-height: 0;\" class=\"mce_SELRES_start\">\ufeff<\/span><span data-mce-type=\"bookmark\" style=\"display: inline-block; width: 0px; overflow: hidden; line-height: 0;\" class=\"mce_SELRES_start\">\ufeff<\/span><span data-mce-type=\"bookmark\" style=\"display: inline-block; width: 0px; overflow: hidden; line-height: 0;\" class=\"mce_SELRES_start\">\ufeff<\/span><span data-mce-type=\"bookmark\" style=\"display: inline-block; width: 0px; overflow: hidden; line-height: 0;\" class=\"mce_SELRES_start\"><span data-mce-type=\"bookmark\" style=\"display: inline-block; width: 0px; overflow: hidden; line-height: 0;\" class=\"mce_SELRES_start\">\ufeff<\/span>\ufeff<\/span><\/iframe> <\/strong><\/h3>\n<\/td>\n<\/tr>\n<tr style=\"background-color: #7c8f6a;\">\n<td style=\"width: 100%; height: 33px;\"><\/td>\n<\/tr>\n<\/tbody>\n<tbody>\n<tr style=\"height: 463px;\">\n<td style=\"width: 100%; height: 463px;\">\n<h3><strong>Webinar 9<\/strong><\/h3>\n<h5><b><i>Task-Based Language Teaching: Principles and Practice<\/i><\/b><\/h5>\n<h5><span style=\"font-weight: 400;\">A c\u00e0rrec de: Dr. Nicole Ziegler (University of Hawai&#8217;i)<\/span><\/h5>\n<h3><strong><iframe loading=\"lazy\" src=\"https:\/\/www.youtube.com\/embed\/eyuz7__Fa4I?si=ffnLd5Dh8-q5ZvSm\" width=\"560\" height=\"315\" frameborder=\"0\" data-mce-fragment=\"1\"><span data-mce-type=\"bookmark\" style=\"display: inline-block; width: 0px; overflow: hidden; line-height: 0;\" class=\"mce_SELRES_start\">\ufeff<\/span><span data-mce-type=\"bookmark\" style=\"display: inline-block; width: 0px; overflow: hidden; line-height: 0;\" class=\"mce_SELRES_start\">\ufeff<\/span><span data-mce-type=\"bookmark\" style=\"display: inline-block; width: 0px; overflow: hidden; line-height: 0;\" class=\"mce_SELRES_start\">\ufeff<\/span><span data-mce-type=\"bookmark\" style=\"display: inline-block; width: 0px; overflow: hidden; line-height: 0;\" class=\"mce_SELRES_start\">\ufeff<\/span><span data-mce-type=\"bookmark\" style=\"display: inline-block; width: 0px; overflow: hidden; line-height: 0;\" class=\"mce_SELRES_start\">\ufeff<\/span><span data-mce-type=\"bookmark\" style=\"display: inline-block; width: 0px; overflow: hidden; line-height: 0;\" class=\"mce_SELRES_start\"><span data-mce-type=\"bookmark\" style=\"display: inline-block; width: 0px; overflow: hidden; line-height: 0;\" class=\"mce_SELRES_start\">\ufeff<\/span>\ufeff<\/span><\/iframe> <\/strong><\/h3>\n<\/td>\n<\/tr>\n<tr style=\"background-color: #7c8f6a;\">\n<td style=\"width: 100%; height: 33px;\"><\/td>\n<\/tr>\n<\/tbody>\n<tbody>\n<tr style=\"height: 463px;\">\n<td style=\"width: 100%; height: 463px;\">\n<h3><strong>Webinar 8<\/strong><\/h3>\n<h5><b><i>Forming collaborative teacher partnerships in CLIL<\/i><\/b><\/h5>\n<h5><span style=\"font-weight: 400;\">A c\u00e0rrec de: Dr. Josephine Moate (University of Jyv\u00e4skyl\u00e4)<\/span><\/h5>\n<h3><strong><iframe loading=\"lazy\" src=\"https:\/\/www.youtube.com\/embed\/HGhqpsFLUdM?si=J0TPHe5gaOicPr09\" width=\"560\" height=\"315\" frameborder=\"0\" data-mce-fragment=\"1\"><span data-mce-type=\"bookmark\" style=\"display: inline-block; width: 0px; overflow: hidden; line-height: 0;\" class=\"mce_SELRES_start\">\ufeff<\/span><span data-mce-type=\"bookmark\" style=\"display: inline-block; width: 0px; overflow: hidden; line-height: 0;\" class=\"mce_SELRES_start\">\ufeff<\/span><span data-mce-type=\"bookmark\" style=\"display: inline-block; width: 0px; overflow: hidden; line-height: 0;\" class=\"mce_SELRES_start\">\ufeff<\/span><span data-mce-type=\"bookmark\" style=\"display: inline-block; width: 0px; overflow: hidden; line-height: 0;\" class=\"mce_SELRES_start\">\ufeff<\/span><span data-mce-type=\"bookmark\" style=\"display: inline-block; width: 0px; overflow: hidden; line-height: 0;\" class=\"mce_SELRES_start\">\ufeff<\/span><span data-mce-type=\"bookmark\" style=\"display: inline-block; width: 0px; overflow: hidden; line-height: 0;\" class=\"mce_SELRES_start\"><span data-mce-type=\"bookmark\" style=\"display: inline-block; width: 0px; overflow: hidden; line-height: 0;\" class=\"mce_SELRES_start\">\ufeff<\/span>\ufeff<\/span><\/iframe> <\/strong><\/h3>\n<\/td>\n<\/tr>\n<tr style=\"background-color: #7c8f6a;\">\n<td style=\"width: 100%; height: 33px;\"><\/td>\n<\/tr>\n<\/tbody>\n<tbody>\n<tr style=\"height: 463px;\">\n<td style=\"width: 100%; height: 463px;\">\n<h3><strong>Webinar 7<\/strong><\/h3>\n<h5><b><i>Aprendre a escriure en l&#8217;era de la IA: Transformant reptes en oportunitats a l&#8217;aula de lleng\u00fces estrangeres<\/i><\/b><\/h5>\n<h5><span style=\"font-weight: 400;\">A c\u00e0rrec de: Elisenda Gozalo (EOI &#8211; IOC)<\/span><\/h5>\n<h3><strong><iframe loading=\"lazy\" src=\"https:\/\/www.youtube.com\/embed\/__ZtwnmdTx4?si=BvzS9Y4skn9FPCUV\" width=\"560\" height=\"315\" frameborder=\"0\" data-mce-fragment=\"1\"><span data-mce-type=\"bookmark\" style=\"display: inline-block; width: 0px; overflow: hidden; line-height: 0;\" class=\"mce_SELRES_start\">\ufeff<\/span><span data-mce-type=\"bookmark\" style=\"display: inline-block; width: 0px; overflow: hidden; line-height: 0;\" class=\"mce_SELRES_start\">\ufeff<\/span><span data-mce-type=\"bookmark\" style=\"display: inline-block; width: 0px; overflow: hidden; line-height: 0;\" class=\"mce_SELRES_start\">\ufeff<\/span><span data-mce-type=\"bookmark\" style=\"display: inline-block; width: 0px; overflow: hidden; line-height: 0;\" class=\"mce_SELRES_start\">\ufeff<\/span><span data-mce-type=\"bookmark\" style=\"display: inline-block; width: 0px; overflow: hidden; line-height: 0;\" class=\"mce_SELRES_start\">\ufeff<\/span><span data-mce-type=\"bookmark\" style=\"display: inline-block; width: 0px; overflow: hidden; line-height: 0;\" class=\"mce_SELRES_start\">\ufeff<\/span><span data-mce-type=\"bookmark\" style=\"display: inline-block; width: 0px; overflow: hidden; line-height: 0;\" class=\"mce_SELRES_start\">\ufeff<\/span><span data-mce-type=\"bookmark\" style=\"display: inline-block; width: 0px; overflow: hidden; line-height: 0;\" class=\"mce_SELRES_start\">\ufeff<\/span><\/iframe> <\/strong><\/h3>\n<\/td>\n<\/tr>\n<tr style=\"background-color: #7c8f6a;\">\n<td style=\"width: 100%; height: 33px;\"><\/td>\n<\/tr>\n<\/tbody>\n<tbody>\n<tr style=\"height: 463px;\">\n<td style=\"width: 100%; height: 463px;\">\n<h3><strong>Webinar 6<\/strong><\/h3>\n<h5><b><i>La geometria de l&#8217;avaluaci\u00f3.<\/i><\/b><\/h5>\n<h5><span style=\"font-weight: 400;\">A c\u00e0rrec de: Eul\u00e0lia Vilagin\u00e9s (EOI Cornell\u00e0 de Llobregat)<\/span><\/h5>\n<h3><strong><iframe loading=\"lazy\" src=\"https:\/\/www.youtube.com\/embed\/1FIcBEabheI?si=kAel2QQyCXn17_hx\" width=\"560\" height=\"315\" frameborder=\"0\" data-mce-fragment=\"1\"><span data-mce-type=\"bookmark\" style=\"display: inline-block; width: 0px; overflow: hidden; line-height: 0;\" class=\"mce_SELRES_start\">\ufeff<\/span><span data-mce-type=\"bookmark\" style=\"display: inline-block; width: 0px; overflow: hidden; line-height: 0;\" class=\"mce_SELRES_start\">\ufeff<\/span><span data-mce-type=\"bookmark\" style=\"display: inline-block; width: 0px; overflow: hidden; line-height: 0;\" class=\"mce_SELRES_start\">\ufeff<\/span><span data-mce-type=\"bookmark\" style=\"display: inline-block; width: 0px; overflow: hidden; line-height: 0;\" class=\"mce_SELRES_start\">\ufeff<\/span><span data-mce-type=\"bookmark\" style=\"display: inline-block; width: 0px; overflow: hidden; line-height: 0;\" class=\"mce_SELRES_start\">\ufeff<\/span><span data-mce-type=\"bookmark\" style=\"display: inline-block; width: 0px; overflow: hidden; line-height: 0;\" class=\"mce_SELRES_start\">\ufeff<\/span><span data-mce-type=\"bookmark\" style=\"display: inline-block; width: 0px; overflow: hidden; line-height: 0;\" class=\"mce_SELRES_start\">\ufeff<\/span><\/iframe> <\/strong><\/h3>\n<\/td>\n<\/tr>\n<tr style=\"background-color: #7c8f6a;\">\n<td style=\"width: 100%; height: 33px;\"><\/td>\n<\/tr>\n<\/tbody>\n<tbody>\n<tr style=\"height: 463px;\">\n<td style=\"width: 100%; height: 463px;\">\n<h3><strong>Webinar 5<\/strong><\/h3>\n<h5><b><i>From Oracy to Literacy: a Multiliteracies Approach to EFL Reading Skills.<\/i><\/b><\/h5>\n<h5><span style=\"font-weight: 400;\">A c\u00e0rrec de: Dra. Anal\u00ed Fern\u00e1ndez (Universidad de Huelva)<\/span><\/h5>\n<h3><strong><iframe loading=\"lazy\" src=\"https:\/\/www.youtube.com\/embed\/1IU_QTXy1TM?si=49_2Nt1mpfqJSYkT\" width=\"560\" height=\"315\" frameborder=\"0\" data-mce-fragment=\"1\"><span data-mce-type=\"bookmark\" style=\"display: inline-block; width: 0px; overflow: hidden; line-height: 0;\" class=\"mce_SELRES_start\">\ufeff<\/span><span data-mce-type=\"bookmark\" style=\"display: inline-block; width: 0px; overflow: hidden; line-height: 0;\" class=\"mce_SELRES_start\">\ufeff<\/span><span data-mce-type=\"bookmark\" style=\"display: inline-block; width: 0px; overflow: hidden; line-height: 0;\" class=\"mce_SELRES_start\">\ufeff<\/span><span data-mce-type=\"bookmark\" style=\"display: inline-block; width: 0px; overflow: hidden; line-height: 0;\" class=\"mce_SELRES_start\">\ufeff<\/span><span data-mce-type=\"bookmark\" style=\"display: inline-block; width: 0px; overflow: hidden; line-height: 0;\" class=\"mce_SELRES_start\">\ufeff<\/span><span data-mce-type=\"bookmark\" style=\"display: inline-block; width: 0px; overflow: hidden; line-height: 0;\" class=\"mce_SELRES_start\">\ufeff<\/span><\/iframe> <\/strong><\/h3>\n<\/td>\n<\/tr>\n<tr style=\"background-color: #7c8f6a;\">\n<td style=\"width: 100%; height: 33px;\"><\/td>\n<\/tr>\n<\/tbody>\n<tbody>\n<tr style=\"height: 463px;\">\n<td style=\"width: 100%; height: 463px;\">\n<h3><strong>Webinar 4<\/strong><\/h3>\n<h5><b><i>Relacions entre la compet\u00e8ncia ling\u00fc\u00edstica i comunicativa amb la cient\u00edfica<\/i><\/b><\/h5>\n<h5><span style=\"font-weight: 400;\">A c\u00e0rrec de: Dra. Anna Marb\u00e0 (Universitat Aut\u00f2noma de Barcelona)<\/span><\/h5>\n<h3><strong><iframe loading=\"lazy\" src=\"https:\/\/www.youtube.com\/embed\/JleXYfCijZQ?si=ix19JbTVbJ3Qo-82\" width=\"560\" height=\"315\" frameborder=\"0\" data-mce-fragment=\"1\"><span data-mce-type=\"bookmark\" style=\"display: inline-block; width: 0px; overflow: hidden; line-height: 0;\" class=\"mce_SELRES_start\">\ufeff<\/span><span data-mce-type=\"bookmark\" style=\"display: inline-block; width: 0px; overflow: hidden; line-height: 0;\" class=\"mce_SELRES_start\">\ufeff<\/span><span data-mce-type=\"bookmark\" style=\"display: inline-block; width: 0px; overflow: hidden; line-height: 0;\" class=\"mce_SELRES_start\">\ufeff<\/span><span data-mce-type=\"bookmark\" style=\"display: inline-block; width: 0px; overflow: hidden; line-height: 0;\" class=\"mce_SELRES_start\">\ufeff<\/span><span data-mce-type=\"bookmark\" style=\"display: inline-block; width: 0px; overflow: hidden; line-height: 0;\" class=\"mce_SELRES_start\">\ufeff<\/span><\/iframe> <\/strong><\/h3>\n<\/td>\n<\/tr>\n<tr style=\"background-color: #7c8f6a;\">\n<td style=\"width: 100%; height: 33px;\"><\/td>\n<\/tr>\n<\/tbody>\n<tbody>\n<tr style=\"height: 463px;\">\n<td style=\"width: 100%; height: 463px;\">\n<h3><strong>Webinar 3<\/strong><\/h3>\n<h5><b><i>Teaching English Pronunciation for a Global World: Activities for Intelligibility<\/i><\/b><\/h5>\n<h5><span style=\"font-weight: 400;\">A c\u00e0rrec de: Robin Walker (Oxford University Press)<\/span><\/h5>\n<h3><strong><iframe loading=\"lazy\" src=\"https:\/\/www.youtube.com\/embed\/w30KZeDzuhE?si=hBdn9fkBWZ16uzYd\" width=\"560\" height=\"315\" frameborder=\"0\" data-mce-fragment=\"1\"><span data-mce-type=\"bookmark\" style=\"display: inline-block; width: 0px; overflow: hidden; line-height: 0;\" class=\"mce_SELRES_start\">\ufeff<\/span><span data-mce-type=\"bookmark\" style=\"display: inline-block; width: 0px; overflow: hidden; line-height: 0;\" class=\"mce_SELRES_start\">\ufeff<\/span><span data-mce-type=\"bookmark\" style=\"display: inline-block; width: 0px; overflow: hidden; line-height: 0;\" class=\"mce_SELRES_start\">\ufeff<\/span><span data-mce-type=\"bookmark\" style=\"display: inline-block; width: 0px; overflow: hidden; line-height: 0;\" class=\"mce_SELRES_start\">\ufeff<\/span><span data-mce-type=\"bookmark\" style=\"display: inline-block; width: 0px; overflow: hidden; line-height: 0;\" class=\"mce_SELRES_start\">\ufeff<\/span><span data-mce-type=\"bookmark\" style=\"display: inline-block; width: 0px; overflow: hidden; line-height: 0;\" class=\"mce_SELRES_start\">\ufeff<\/span><span data-mce-type=\"bookmark\" style=\"display: inline-block; width: 0px; overflow: hidden; line-height: 0;\" class=\"mce_SELRES_start\">\ufeff<\/span><\/iframe> <\/strong><\/h3>\n<\/td>\n<\/tr>\n<tr style=\"background-color: #7c8f6a;\">\n<td style=\"width: 100%; height: 33px;\"><\/td>\n<\/tr>\n<\/tbody>\n<tbody>\n<tr style=\"height: 463px;\">\n<td style=\"width: 100%; height: 463px;\">\n<h3><strong>Webinar 2<\/strong><\/h3>\n<h5><em><b>Getting started with the SDGs in the foreign language classroom<\/b><\/em><\/h5>\n<h5><span style=\"font-weight: 400;\">A c\u00e0rrec de: Deborah Williams (The Global Citizens English Project)<\/span><\/h5>\n<h3><strong><iframe loading=\"lazy\" src=\"https:\/\/www.youtube.com\/embed\/stq4xFvOkCQ?si=gIC2gd-0Gv3F5icI\" width=\"560\" height=\"315\" frameborder=\"0\" data-mce-fragment=\"1\"><span data-mce-type=\"bookmark\" style=\"display: inline-block; width: 0px; overflow: hidden; line-height: 0;\" class=\"mce_SELRES_start\">\ufeff<\/span><span data-mce-type=\"bookmark\" style=\"display: inline-block; width: 0px; overflow: hidden; line-height: 0;\" class=\"mce_SELRES_start\">\ufeff<\/span><span data-mce-type=\"bookmark\" style=\"display: inline-block; width: 0px; overflow: hidden; line-height: 0;\" class=\"mce_SELRES_start\">\ufeff<\/span><span data-mce-type=\"bookmark\" style=\"display: inline-block; width: 0px; overflow: hidden; line-height: 0;\" class=\"mce_SELRES_start\">\ufeff<\/span><span data-mce-type=\"bookmark\" style=\"display: inline-block; width: 0px; overflow: hidden; line-height: 0;\" class=\"mce_SELRES_start\">\ufeff<\/span><\/iframe> <\/strong><\/h3>\n<\/td>\n<\/tr>\n<tr style=\"background-color: #7c8f6a;\">\n<td style=\"width: 100%; height: 33px;\"><\/td>\n<\/tr>\n<\/tbody>\n<tbody>\n<tr style=\"height: 463px;\">\n<td style=\"width: 100%; height: 463px;\">\n<h3><strong>Webinar 1<\/strong><\/h3>\n<h5><em><b>Loving the Alien: AI as Teachers\u2019 Ally<\/b><\/em><\/h5>\n<h5><span style=\"font-weight: 400;\">A c\u00e0rrec de: Dr. David Owen (Universitat Aut\u00f2noma de Barcelona)<\/span><\/h5>\n<h3><strong><iframe loading=\"lazy\" src=\"https:\/\/www.youtube.com\/embed\/5A4ICC8JJ60?si=uY0hthgtco_NWZHR\" width=\"560\" height=\"315\" frameborder=\"0\" data-mce-fragment=\"1\"><span data-mce-type=\"bookmark\" style=\"display: inline-block; width: 0px; overflow: hidden; line-height: 0;\" class=\"mce_SELRES_start\">\ufeff<\/span><span data-mce-type=\"bookmark\" style=\"display: inline-block; width: 0px; overflow: hidden; line-height: 0;\" class=\"mce_SELRES_start\">\ufeff<\/span><span data-mce-type=\"bookmark\" style=\"display: inline-block; width: 0px; overflow: hidden; line-height: 0;\" class=\"mce_SELRES_start\">\ufeff<\/span><span data-mce-type=\"bookmark\" style=\"display: inline-block; width: 0px; overflow: hidden; line-height: 0;\" class=\"mce_SELRES_start\">\ufeff<\/span><span data-mce-type=\"bookmark\" style=\"display: inline-block; width: 0px; overflow: hidden; line-height: 0;\" class=\"mce_SELRES_start\">\ufeff<\/span><\/iframe> <\/strong><\/h3>\n<\/td>\n<\/tr>\n<tr style=\"background-color: #7c8f6a;\">\n<td style=\"width: 100%; height: 33px;\"><\/td>\n<\/tr>\n<\/tbody>\n<\/table>\n","protected":false},"excerpt":{"rendered":"<p>En aquest article trobareu tots els enregistraments dels webinars d&#8217;aquesta edici\u00f3.&hellip;  <a href=\"https:\/\/projectes.xtec.cat\/avancem\/enregistraments-webinars\/v-cicle-de-webinars-nous-horitzons-en-lensenyament-i-laprenentatge-de-les-llengues-2024-2025\/\" title=\"Read V Cicle de webinars \u201cNous Horitzons en l\u2019ensenyament i l\u2019aprenentatge de les lleng\u00fces\u201d 2024-2025\">Llegeix m\u00e9s\u00bb<\/a><\/p>\n","protected":false},"author":1,"featured_media":9552,"comment_status":"open","ping_status":"closed","sticky":false,"template":"","format":"standard","meta":{"_bbp_topic_count":0,"_bbp_reply_count":0,"_bbp_total_topic_count":0,"_bbp_total_reply_count":0,"_bbp_voice_count":0,"_bbp_anonymous_reply_count":0,"_bbp_topic_count_hidden":0,"_bbp_reply_count_hidden":0,"_bbp_forum_subforum_count":0,"footnotes":""},"categories":[339],"tags":[320],"class_list":["post-9551","post","type-post","status-publish","format-standard","has-post-thumbnail","hentry","category-enregistraments-webinars","tag-webinars"],"post_mailing_queue_ids":[],"_links":{"self":[{"href":"https:\/\/projectes.xtec.cat\/avancem\/wp-json\/wp\/v2\/posts\/9551","targetHints":{"allow":["GET"]}}],"collection":[{"href":"https:\/\/projectes.xtec.cat\/avancem\/wp-json\/wp\/v2\/posts"}],"about":[{"href":"https:\/\/projectes.xtec.cat\/avancem\/wp-json\/wp\/v2\/types\/post"}],"author":[{"embeddable":true,"href":"https:\/\/projectes.xtec.cat\/avancem\/wp-json\/wp\/v2\/users\/1"}],"replies":[{"embeddable":true,"href":"https:\/\/projectes.xtec.cat\/avancem\/wp-json\/wp\/v2\/comments?post=9551"}],"version-history":[{"count":6,"href":"https:\/\/projectes.xtec.cat\/avancem\/wp-json\/wp\/v2\/posts\/9551\/revisions"}],"predecessor-version":[{"id":9617,"href":"https:\/\/projectes.xtec.cat\/avancem\/wp-json\/wp\/v2\/posts\/9551\/revisions\/9617"}],"wp:featuredmedia":[{"embeddable":true,"href":"https:\/\/projectes.xtec.cat\/avancem\/wp-json\/wp\/v2\/media\/9552"}],"wp:attachment":[{"href":"https:\/\/projectes.xtec.cat\/avancem\/wp-json\/wp\/v2\/media?parent=9551"}],"wp:term":[{"taxonomy":"category","embeddable":true,"href":"https:\/\/projectes.xtec.cat\/avancem\/wp-json\/wp\/v2\/categories?post=9551"},{"taxonomy":"post_tag","embeddable":true,"href":"https:\/\/projectes.xtec.cat\/avancem\/wp-json\/wp\/v2\/tags?post=9551"}],"curies":[{"name":"wp","href":"https:\/\/api.w.org\/{rel}","templated":true}]}}