{"id":9597,"date":"2025-04-24T10:12:08","date_gmt":"2025-04-24T08:12:08","guid":{"rendered":"https:\/\/projectes.xtec.cat\/avancem\/?p=9597"},"modified":"2025-04-24T10:12:08","modified_gmt":"2025-04-24T08:12:08","slug":"webinar-7-aprendre-a-escriure-en-lera-de-la-ia-transformant-reptes-en-oportunitats-a-laula-de-llengues-estrangeres-a-carrec-delisenda-gozalo","status":"publish","type":"post","link":"https:\/\/projectes.xtec.cat\/avancem\/portada\/webinar-7-aprendre-a-escriure-en-lera-de-la-ia-transformant-reptes-en-oportunitats-a-laula-de-llengues-estrangeres-a-carrec-delisenda-gozalo\/","title":{"rendered":"Webinar #7 Aprendre a escriure en l&#8217;era de la IA: Transformant reptes en oportunitats a l&#8217;aula de lleng\u00fces estrangeres a c\u00e0rrec d&#8217;Elisenda Gozalo"},"content":{"rendered":"<p>T\u2019esperem el pr\u00f2xim dilluns <strong>28 d&#8217;abril a les 18.00 h<\/strong> al set\u00e8 webinar del V cicle \u201cNous Horitzons en l\u2019Ensenyament i l\u2019Aprenentatge de les Lleng\u00fces\u201d 2025 amb la participaci\u00f3 d&#8217; Elisenda Gozalo Salellas, <span style=\"font-weight: 400;\">professora d&#8217;angl\u00e8s a l&#8217;Escola Oficial d&#8217;Idiomes i a\u00a0 l&#8217;Institut Obert de Catalunya.<\/span><\/p>\n<p>Durant aquest webinar, e<span style=\"font-weight: 400;\">xplorarem alguns elements transformadors de la tecnologia per potenciar un aprenentatge significatiu de l&#8217;escriptura en L2, prioritzant el proc\u00e9s per sobre del producte final, i desenvolupant estrat\u00e8gies que permetin als estudiants utilitzar la IA de manera conscient i productiva en el seu proc\u00e9s formatiu.<\/span><\/p>\n<p><a href=\"https:\/\/projectes.xtec.cat\/gep\/wp-content\/uploads\/usu682\/2025\/04\/W7-Nous-Horitzons-Llengues-2024-25-1.jpg\"><img loading=\"lazy\" decoding=\"async\" class=\"alignnone size-large wp-image-11844\" src=\"https:\/\/projectes.xtec.cat\/gep\/wp-content\/uploads\/usu682\/2025\/04\/W7-Nous-Horitzons-Llengues-2024-25-1-1024x576.jpg\" alt=\"\" width=\"1024\" height=\"576\" \/><\/a><\/p>\n<p>Si no has rebut el correu del Servei de Lleng\u00fces Estrangeres amb l\u2019enlla\u00e7 per a la sessi\u00f3, si et plau, contacta amb nosaltres a l\u2019adre\u00e7a\u00a0<a href=\"mailto:formacio.sle@xtec.cat\">formacio.sle@xtec.cat<\/a>.<\/p>\n<p>Subscriu-te a la\u00a0<strong>portada del NODES AVANCEM<\/strong>\u00a0i segueix-nos a\u00a0<strong>Twitter\u00a0<\/strong><a href=\"https:\/\/twitter.com\/InnovacioSLEO\">@innovacioSLEO<\/a>\u00a0i\u00a0<a href=\"https:\/\/twitter.com\/fle_sleo\">@fle_sleo<\/a>\u00a0per estar al dia de les \u00faltimes novetats!<\/p>\n<h6>T\u2019hi esperem!<\/h6>\n","protected":false},"excerpt":{"rendered":"<p>T\u2019esperem el pr\u00f2xim dilluns 28 d&#8217;abril a les 18.00 h al set\u00e8 webinar del V cicle \u201cNous Horitzons en l\u2019Ensenyament i l\u2019Aprenentatge de les Lleng\u00fces\u201d 2025 amb la participaci\u00f3 d&#8217; Elisenda Gozalo Salellas, professora d&#8217;angl\u00e8s a l&#8217;Escola Oficial d&#8217;Idiomes i a\u00a0 l&#8217;Institut Obert de Catalunya.&hellip;  <a href=\"https:\/\/projectes.xtec.cat\/avancem\/portada\/webinar-7-aprendre-a-escriure-en-lera-de-la-ia-transformant-reptes-en-oportunitats-a-laula-de-llengues-estrangeres-a-carrec-delisenda-gozalo\/\" title=\"Read Webinar #7 Aprendre a escriure en l&#8217;era de la IA: Transformant reptes en oportunitats a l&#8217;aula de lleng\u00fces estrangeres a c\u00e0rrec d&#8217;Elisenda Gozalo\">Llegeix m\u00e9s\u00bb<\/a><\/p>\n","protected":false},"author":366,"featured_media":9598,"comment_status":"open","ping_status":"closed","sticky":false,"template":"","format":"standard","meta":{"_bbp_topic_count":0,"_bbp_reply_count":0,"_bbp_total_topic_count":0,"_bbp_total_reply_count":0,"_bbp_voice_count":0,"_bbp_anonymous_reply_count":0,"_bbp_topic_count_hidden":0,"_bbp_reply_count_hidden":0,"_bbp_forum_subforum_count":0,"footnotes":""},"categories":[330,29],"tags":[320],"class_list":["post-9597","post","type-post","status-publish","format-standard","has-post-thumbnail","hentry","category-nous-horitzons","category-portada","tag-webinars"],"post_mailing_queue_ids":[],"_links":{"self":[{"href":"https:\/\/projectes.xtec.cat\/avancem\/wp-json\/wp\/v2\/posts\/9597","targetHints":{"allow":["GET"]}}],"collection":[{"href":"https:\/\/projectes.xtec.cat\/avancem\/wp-json\/wp\/v2\/posts"}],"about":[{"href":"https:\/\/projectes.xtec.cat\/avancem\/wp-json\/wp\/v2\/types\/post"}],"author":[{"embeddable":true,"href":"https:\/\/projectes.xtec.cat\/avancem\/wp-json\/wp\/v2\/users\/366"}],"replies":[{"embeddable":true,"href":"https:\/\/projectes.xtec.cat\/avancem\/wp-json\/wp\/v2\/comments?post=9597"}],"version-history":[{"count":1,"href":"https:\/\/projectes.xtec.cat\/avancem\/wp-json\/wp\/v2\/posts\/9597\/revisions"}],"predecessor-version":[{"id":9599,"href":"https:\/\/projectes.xtec.cat\/avancem\/wp-json\/wp\/v2\/posts\/9597\/revisions\/9599"}],"wp:featuredmedia":[{"embeddable":true,"href":"https:\/\/projectes.xtec.cat\/avancem\/wp-json\/wp\/v2\/media\/9598"}],"wp:attachment":[{"href":"https:\/\/projectes.xtec.cat\/avancem\/wp-json\/wp\/v2\/media?parent=9597"}],"wp:term":[{"taxonomy":"category","embeddable":true,"href":"https:\/\/projectes.xtec.cat\/avancem\/wp-json\/wp\/v2\/categories?post=9597"},{"taxonomy":"post_tag","embeddable":true,"href":"https:\/\/projectes.xtec.cat\/avancem\/wp-json\/wp\/v2\/tags?post=9597"}],"curies":[{"name":"wp","href":"https:\/\/api.w.org\/{rel}","templated":true}]}}