{"id":9669,"date":"2025-11-19T08:51:36","date_gmt":"2025-11-19T07:51:36","guid":{"rendered":"https:\/\/projectes.xtec.cat\/avancem\/?p=9669"},"modified":"2025-12-03T09:13:38","modified_gmt":"2025-12-03T08:13:38","slug":"webinar-4-%f0%9f%8c%8d-la-francophonie-ens-uneix-alumnat-i-professorat-en-connexio-pilar-guix-i-alejandro-de-lamo","status":"publish","type":"post","link":"https:\/\/projectes.xtec.cat\/avancem\/portada\/webinar-4-%f0%9f%8c%8d-la-francophonie-ens-uneix-alumnat-i-professorat-en-connexio-pilar-guix-i-alejandro-de-lamo\/","title":{"rendered":"Webinar #4 \ud83c\udf0d La francophonie ens uneix: alumnat i professorat en connexi\u00f3. Pilar Guix i Alejandro De Lamo."},"content":{"rendered":"<p>T&#8217;esperem el pr\u00f2xim <strong>dijous 20 de novembre<\/strong> a les <strong>18.00 h<\/strong> al pen\u00faltim webinar de la s\u00e8rie \u201cNous Horitzons a l\u2019Aula 2025\u201d, a c\u00e0rrec de Pilar Guix de l&#8217;<a href=\"https:\/\/agora.xtec.cat\/iesmontsacopa\/\">Institut Montsacopa<\/a> i d&#8217;Alejandro De Lamo de l&#8217;<a href=\"https:\/\/inslagarrotxa.cat\/\">Institut La Garrotxa<\/a>, d&#8217;Olot. Durant el webinar, ens presentaran una experi\u00e8ncia conjunta que cerca despertar la curiositat dels joves i animar-los a continuar descobrint la llengua i la cultura francesa m\u00e9s enll\u00e0 de l\u2019aula a trav\u00e9s d&#8217;activitats col\u00b7laboratives entre docents i alumnat.<\/p>\n<p><a href=\"https:\/\/projectes.xtec.cat\/avancem\/wp-content\/uploads\/usu2068\/2025\/11\/W4-Nous-Horitzons-Aula-2025-26-1.jpg\"><img loading=\"lazy\" decoding=\"async\" class=\"alignnone size-large wp-image-9673\" src=\"https:\/\/projectes.xtec.cat\/avancem\/wp-content\/uploads\/usu2068\/2025\/11\/W4-Nous-Horitzons-Aula-2025-26-1-1024x724.jpg\" alt=\"\" width=\"1024\" height=\"724\" srcset=\"https:\/\/projectes.xtec.cat\/avancem\/wp-content\/uploads\/usu2068\/2025\/11\/W4-Nous-Horitzons-Aula-2025-26-1-1024x724.jpg 1024w, https:\/\/projectes.xtec.cat\/avancem\/wp-content\/uploads\/usu2068\/2025\/11\/W4-Nous-Horitzons-Aula-2025-26-1-300x212.jpg 300w, https:\/\/projectes.xtec.cat\/avancem\/wp-content\/uploads\/usu2068\/2025\/11\/W4-Nous-Horitzons-Aula-2025-26-1-768x543.jpg 768w, https:\/\/projectes.xtec.cat\/avancem\/wp-content\/uploads\/usu2068\/2025\/11\/W4-Nous-Horitzons-Aula-2025-26-1-1536x1086.jpg 1536w, https:\/\/projectes.xtec.cat\/avancem\/wp-content\/uploads\/usu2068\/2025\/11\/W4-Nous-Horitzons-Aula-2025-26-1-2048x1448.jpg 2048w\" sizes=\"auto, (max-width: 1024px) 100vw, 1024px\" \/><\/a><\/p>\n<p>Si no has rebut el correu del Servei de Lleng\u00fces Estrangeres amb l\u2019enlla\u00e7 per a la sessi\u00f3, si et plau, contacta amb nosaltres a l\u2019adre\u00e7a\u00a0<a href=\"mailto:formacio.sle@xtec.cat\">formacio.sle@xtec.cat<\/a>.<\/p>\n<p>Subscriu-te a la\u00a0<strong>portada del NODES AVANCEM<\/strong>\u00a0i segueix-nos a\u00a0<strong>Twitter\u00a0<\/strong><a href=\"https:\/\/twitter.com\/InnovacioSLEO\">@innovacioSLEO<\/a>\u00a0i\u00a0<a href=\"https:\/\/twitter.com\/fle_sleo\">@fle_sleo<\/a>\u00a0per estar al dia de les \u00faltimes novetats!<\/p>\n<h6>T\u2019hi esperem!<\/h6>\n","protected":false},"excerpt":{"rendered":"<p>T&#8217;esperem el pr\u00f2xim dijous 20 de novembre a les 18.00 h al pen\u00faltim webinar de la s\u00e8rie \u201cNous Horitzons a l\u2019Aula 2025\u201d, a c\u00e0rrec de Pilar Guix de l&#8217;Institut Montsacopa i d&#8217;Alejandro de Lamo Pay\u00e0 de l&#8217;Institut La Garrotxa, d&#8217;Olot.&hellip;  <a href=\"https:\/\/projectes.xtec.cat\/avancem\/portada\/webinar-4-%f0%9f%8c%8d-la-francophonie-ens-uneix-alumnat-i-professorat-en-connexio-pilar-guix-i-alejandro-de-lamo\/\" title=\"Read Webinar #4 \ud83c\udf0d La francophonie ens uneix: alumnat i professorat en connexi\u00f3. Pilar Guix i Alejandro De Lamo.\">Llegeix m\u00e9s\u00bb<\/a><\/p>\n","protected":false},"author":366,"featured_media":9673,"comment_status":"open","ping_status":"open","sticky":false,"template":"","format":"standard","meta":{"_bbp_topic_count":0,"_bbp_reply_count":0,"_bbp_total_topic_count":0,"_bbp_total_reply_count":0,"_bbp_voice_count":0,"_bbp_anonymous_reply_count":0,"_bbp_topic_count_hidden":0,"_bbp_reply_count_hidden":0,"_bbp_forum_subforum_count":0,"footnotes":""},"categories":[338,29],"tags":[320],"class_list":["post-9669","post","type-post","status-publish","format-standard","has-post-thumbnail","hentry","category-nous-horitzons-a-laula","category-portada","tag-webinars"],"post_mailing_queue_ids":[],"_links":{"self":[{"href":"https:\/\/projectes.xtec.cat\/avancem\/wp-json\/wp\/v2\/posts\/9669","targetHints":{"allow":["GET"]}}],"collection":[{"href":"https:\/\/projectes.xtec.cat\/avancem\/wp-json\/wp\/v2\/posts"}],"about":[{"href":"https:\/\/projectes.xtec.cat\/avancem\/wp-json\/wp\/v2\/types\/post"}],"author":[{"embeddable":true,"href":"https:\/\/projectes.xtec.cat\/avancem\/wp-json\/wp\/v2\/users\/366"}],"replies":[{"embeddable":true,"href":"https:\/\/projectes.xtec.cat\/avancem\/wp-json\/wp\/v2\/comments?post=9669"}],"version-history":[{"count":3,"href":"https:\/\/projectes.xtec.cat\/avancem\/wp-json\/wp\/v2\/posts\/9669\/revisions"}],"predecessor-version":[{"id":9674,"href":"https:\/\/projectes.xtec.cat\/avancem\/wp-json\/wp\/v2\/posts\/9669\/revisions\/9674"}],"wp:featuredmedia":[{"embeddable":true,"href":"https:\/\/projectes.xtec.cat\/avancem\/wp-json\/wp\/v2\/media\/9673"}],"wp:attachment":[{"href":"https:\/\/projectes.xtec.cat\/avancem\/wp-json\/wp\/v2\/media?parent=9669"}],"wp:term":[{"taxonomy":"category","embeddable":true,"href":"https:\/\/projectes.xtec.cat\/avancem\/wp-json\/wp\/v2\/categories?post=9669"},{"taxonomy":"post_tag","embeddable":true,"href":"https:\/\/projectes.xtec.cat\/avancem\/wp-json\/wp\/v2\/tags?post=9669"}],"curies":[{"name":"wp","href":"https:\/\/api.w.org\/{rel}","templated":true}]}}