{"id":9714,"date":"2026-02-04T12:42:10","date_gmt":"2026-02-04T11:42:10","guid":{"rendered":"https:\/\/projectes.xtec.cat\/avancem\/?p=9714"},"modified":"2026-03-25T08:52:28","modified_gmt":"2026-03-25T07:52:28","slug":"vi-cicle-de-webinars-nous-horitzons-en-lensenyament-i-laprenentatge-de-les-llengues-2025-2026","status":"publish","type":"post","link":"https:\/\/projectes.xtec.cat\/avancem\/enregistraments-webinars\/vi-cicle-de-webinars-nous-horitzons-en-lensenyament-i-laprenentatge-de-les-llengues-2025-2026\/","title":{"rendered":"VI Cicle de webinars \u201cNous Horitzons en l\u2019ensenyament i l\u2019aprenentatge de les lleng\u00fces\u201d 2025-2026"},"content":{"rendered":"<p>&nbsp;<\/p>\n<table style=\"height: 476px; width: 50.0804%; border-color: #345351; border-style: double;\">\n<tbody>\n<tr style=\"height: 463px;\">\n<td style=\"width: 100%; height: 463px;\">\n<h3><strong>Webinar 6<\/strong><\/h3>\n<h5><em>Written corrective feedback: To correct or not to correct, is that the question?<\/em><\/h5>\n<h5><span style=\"font-weight: 400;\">A c\u00e0rrec de: Dr. Lloren\u00e7 Comajoan-Colom\u00e9 (Universitat de Barcelona UB)<\/span><\/h5>\n<h3><strong><iframe loading=\"lazy\" title=\"YouTube video player\" src=\"https:\/\/www.youtube.com\/embed\/DNuvVpVWgoE?si=3dz90VceNhJaFEcB\" width=\"560\" height=\"315\" frameborder=\"0\" allowfullscreen=\"allowfullscreen\"><\/iframe><\/strong><\/h3>\n<\/td>\n<\/tr>\n<tr style=\"background-color: #26a69a;\">\n<td style=\"width: 100%; height: 33px;\"><\/td>\n<\/tr>\n<tr style=\"height: 463px;\">\n<td style=\"width: 100%; height: 463px;\">\n<h3><strong>Webinar 5<\/strong><\/h3>\n<h5><em>Not Everyone Learns the Same: Navigating Individual Differences in the FL Classroom<\/em><\/h5>\n<h5><span style=\"font-weight: 400;\">A c\u00e0rrec de: Dra. Maria del Mar Su\u00e1rez Vilagran (Universitat de Barcelona UB)<\/span><\/h5>\n<h3><strong><iframe loading=\"lazy\" title=\"YouTube video player\" src=\"https:\/\/www.youtube.com\/embed\/iapVUXfKZVo?si=MTAJMv8FwoRZO9z7\" width=\"560\" height=\"315\" frameborder=\"0\" allowfullscreen=\"allowfullscreen\"><\/iframe><\/strong><\/h3>\n<\/td>\n<\/tr>\n<tr style=\"background-color: #26a69a;\">\n<td style=\"width: 100%; height: 33px;\"><\/td>\n<\/tr>\n<tr style=\"height: 463px;\">\n<td style=\"width: 100%; height: 463px;\">\n<h3><strong>Webinar 4<\/strong><\/h3>\n<h5><em>Simple Ways to Add Drama to Your English Language Classes<\/em><\/h5>\n<h5><span style=\"font-weight: 400;\">A c\u00e0rrec de: Sally Bolton (Trinity College London)<\/span><\/h5>\n<h3><strong><iframe loading=\"lazy\" title=\"YouTube video player\" src=\"https:\/\/www.youtube.com\/embed\/tORtBYRn6Ug?si=YX7QDKL6MHC1eTNz\" width=\"560\" height=\"315\" frameborder=\"0\" allowfullscreen=\"allowfullscreen\"><\/iframe><\/strong><\/h3>\n<\/td>\n<\/tr>\n<tr style=\"background-color: #26a69a;\">\n<td style=\"width: 100%; height: 33px;\"><\/td>\n<\/tr>\n<tr style=\"height: 463px;\">\n<td style=\"width: 100%; height: 463px;\">\n<h3><strong>Webinar 3<\/strong><\/h3>\n<h5><em>Integrating Multimodal Literacy into the Language Classroom<\/em><\/h5>\n<h5><span style=\"font-weight: 400;\">A c\u00e0rrec de: Kieran Donaghy (The School for Training &amp; Film English)<\/span><\/h5>\n<h3><strong><iframe loading=\"lazy\" title=\"YouTube video player\" src=\"https:\/\/www.youtube.com\/embed\/dyKba2XtfE4?si=Oq1jVnE-Cy6r8cI2\" width=\"560\" height=\"315\" frameborder=\"0\" allowfullscreen=\"allowfullscreen\"><\/iframe><\/strong><\/h3>\n<\/td>\n<\/tr>\n<tr style=\"background-color: #26a69a;\">\n<td style=\"width: 100%; height: 33px;\"><\/td>\n<\/tr>\n<tr style=\"height: 463px;\">\n<td style=\"width: 100%; height: 463px;\">\n<h3><strong>Webinar 2<\/strong><\/h3>\n<h5><em>Com integrar el focus en la gram\u00e0tica en l&#8217;ensenyament comunicatiu de lleng\u00fces addicionals<\/em><\/h5>\n<h5><span style=\"font-weight: 400;\">A c\u00e0rrec de: Dra. Ares Llop (Universitat Oberta de Catalunya)<\/span><\/h5>\n<h3><strong><iframe loading=\"lazy\" title=\"YouTube video player\" src=\"https:\/\/www.youtube.com\/embed\/szxloONaVlg?si=ifNdNQkKx0aJcXgu\" width=\"560\" height=\"315\" frameborder=\"0\" allowfullscreen=\"allowfullscreen\"><\/iframe><\/strong><\/h3>\n<\/td>\n<\/tr>\n<tr style=\"background-color: #26a69a;\">\n<td style=\"width: 100%; height: 33px;\"><\/td>\n<\/tr>\n<tr style=\"height: 463px;\">\n<td style=\"width: 100%; height: 463px;\">\n<h3><strong>Webinar 1<\/strong><\/h3>\n<h5><b><i>Principles for appropriate methodology: using literature in the language classroom<\/i><\/b><\/h5>\n<h5><span style=\"font-weight: 400;\">A c\u00e0rrec de: Dr. Amos Paran (University College London)<\/span><\/h5>\n<h3><strong><iframe loading=\"lazy\" title=\"YouTube video player\" src=\"https:\/\/www.youtube.com\/embed\/HIuQ7vUW5nM?si=rgPMW9RM4WYOw59Y\" width=\"560\" height=\"315\" frameborder=\"0\" allowfullscreen=\"allowfullscreen\"><\/iframe><\/strong><\/h3>\n<\/td>\n<\/tr>\n<tr style=\"background-color: #26a69a;\">\n<td style=\"width: 100%; height: 33px;\"><\/td>\n<\/tr>\n<\/tbody>\n<\/table>\n","protected":false},"excerpt":{"rendered":"<p>En aquest article trobareu tots els enregistraments dels webinars d&#8217;aquesta edici\u00f3.&hellip;  <a href=\"https:\/\/projectes.xtec.cat\/avancem\/enregistraments-webinars\/vi-cicle-de-webinars-nous-horitzons-en-lensenyament-i-laprenentatge-de-les-llengues-2025-2026\/\" title=\"Read VI Cicle de webinars \u201cNous Horitzons en l\u2019ensenyament i l\u2019aprenentatge de les lleng\u00fces\u201d 2025-2026\">Llegeix m\u00e9s\u00bb<\/a><\/p>\n","protected":false},"author":1,"featured_media":9687,"comment_status":"open","ping_status":"open","sticky":false,"template":"","format":"standard","meta":{"_bbp_topic_count":0,"_bbp_reply_count":0,"_bbp_total_topic_count":0,"_bbp_total_reply_count":0,"_bbp_voice_count":0,"_bbp_anonymous_reply_count":0,"_bbp_topic_count_hidden":0,"_bbp_reply_count_hidden":0,"_bbp_forum_subforum_count":0,"footnotes":""},"categories":[339],"tags":[320],"class_list":["post-9714","post","type-post","status-publish","format-standard","has-post-thumbnail","hentry","category-enregistraments-webinars","tag-webinars"],"post_mailing_queue_ids":[],"_links":{"self":[{"href":"https:\/\/projectes.xtec.cat\/avancem\/wp-json\/wp\/v2\/posts\/9714","targetHints":{"allow":["GET"]}}],"collection":[{"href":"https:\/\/projectes.xtec.cat\/avancem\/wp-json\/wp\/v2\/posts"}],"about":[{"href":"https:\/\/projectes.xtec.cat\/avancem\/wp-json\/wp\/v2\/types\/post"}],"author":[{"embeddable":true,"href":"https:\/\/projectes.xtec.cat\/avancem\/wp-json\/wp\/v2\/users\/1"}],"replies":[{"embeddable":true,"href":"https:\/\/projectes.xtec.cat\/avancem\/wp-json\/wp\/v2\/comments?post=9714"}],"version-history":[{"count":5,"href":"https:\/\/projectes.xtec.cat\/avancem\/wp-json\/wp\/v2\/posts\/9714\/revisions"}],"predecessor-version":[{"id":9738,"href":"https:\/\/projectes.xtec.cat\/avancem\/wp-json\/wp\/v2\/posts\/9714\/revisions\/9738"}],"wp:featuredmedia":[{"embeddable":true,"href":"https:\/\/projectes.xtec.cat\/avancem\/wp-json\/wp\/v2\/media\/9687"}],"wp:attachment":[{"href":"https:\/\/projectes.xtec.cat\/avancem\/wp-json\/wp\/v2\/media?parent=9714"}],"wp:term":[{"taxonomy":"category","embeddable":true,"href":"https:\/\/projectes.xtec.cat\/avancem\/wp-json\/wp\/v2\/categories?post=9714"},{"taxonomy":"post_tag","embeddable":true,"href":"https:\/\/projectes.xtec.cat\/avancem\/wp-json\/wp\/v2\/tags?post=9714"}],"curies":[{"name":"wp","href":"https:\/\/api.w.org\/{rel}","templated":true}]}}