{"id":10845,"date":"2023-02-13T13:13:40","date_gmt":"2023-02-13T12:13:40","guid":{"rendered":"https:\/\/projectes.xtec.cat\/barcelona-apren-ciencia\/?p=10845"},"modified":"2023-02-13T13:21:06","modified_gmt":"2023-02-13T12:21:06","slug":"ciutat-i-ciencia","status":"publish","type":"post","link":"https:\/\/projectes.xtec.cat\/barcelona-apren-ciencia\/general\/ciutat-i-ciencia\/","title":{"rendered":"Ciutat i ci\u00e8ncia"},"content":{"rendered":"<p>Del 21 al 23 de febrer la Biennal Ciutat i ci\u00e8ncia explorar\u00e0 el fet de viure tant al planeta com a la ciutat, tant pel que fa a la vida de l\u2019\u00e9sser hum\u00e0 en general com de la comunitat cient\u00edfica en particular.<\/p>\n<p>Sis dies per reflexionar sobre els reptes de l&#8217;actualitat i com es poden abordar, des de la ci\u00e8ncia, les crisis a qu\u00e8 ens exposem.<\/p>\n<p><a href=\"https:\/\/www.biennalciutaticiencia.barcelona\/ca\" target=\"_blank\" rel=\"noopener\">+info<\/a><\/p>\n<p><iframe loading=\"lazy\" src=\"https:\/\/drive.google.com\/file\/d\/1aD0a7k23STGOypBrxY3K175tuxJxDs8S\/preview\" width=\"640\" height=\"480\"><\/iframe><\/p>\n","protected":false},"excerpt":{"rendered":"<p>Biennal&hellip;  <a href=\"https:\/\/projectes.xtec.cat\/barcelona-apren-ciencia\/general\/ciutat-i-ciencia\/\" title=\"Read Ciutat i ci\u00e8ncia\">Llegeix m\u00e9s\u00bb<\/a><\/p>\n","protected":false},"author":117,"featured_media":10846,"comment_status":"closed","ping_status":"closed","sticky":false,"template":"","format":"standard","meta":{"_bbp_topic_count":0,"_bbp_reply_count":0,"_bbp_total_topic_count":0,"_bbp_total_reply_count":0,"_bbp_voice_count":0,"_bbp_anonymous_reply_count":0,"_bbp_topic_count_hidden":0,"_bbp_reply_count_hidden":0,"_bbp_forum_subforum_count":0,"footnotes":""},"categories":[1,29],"tags":[],"class_list":["post-10845","post","type-post","status-publish","format-standard","has-post-thumbnail","hentry","category-general","category-portada"],"post_mailing_queue_ids":[],"_links":{"self":[{"href":"https:\/\/projectes.xtec.cat\/barcelona-apren-ciencia\/wp-json\/wp\/v2\/posts\/10845","targetHints":{"allow":["GET"]}}],"collection":[{"href":"https:\/\/projectes.xtec.cat\/barcelona-apren-ciencia\/wp-json\/wp\/v2\/posts"}],"about":[{"href":"https:\/\/projectes.xtec.cat\/barcelona-apren-ciencia\/wp-json\/wp\/v2\/types\/post"}],"author":[{"embeddable":true,"href":"https:\/\/projectes.xtec.cat\/barcelona-apren-ciencia\/wp-json\/wp\/v2\/users\/117"}],"replies":[{"embeddable":true,"href":"https:\/\/projectes.xtec.cat\/barcelona-apren-ciencia\/wp-json\/wp\/v2\/comments?post=10845"}],"version-history":[{"count":3,"href":"https:\/\/projectes.xtec.cat\/barcelona-apren-ciencia\/wp-json\/wp\/v2\/posts\/10845\/revisions"}],"predecessor-version":[{"id":10850,"href":"https:\/\/projectes.xtec.cat\/barcelona-apren-ciencia\/wp-json\/wp\/v2\/posts\/10845\/revisions\/10850"}],"wp:featuredmedia":[{"embeddable":true,"href":"https:\/\/projectes.xtec.cat\/barcelona-apren-ciencia\/wp-json\/wp\/v2\/media\/10846"}],"wp:attachment":[{"href":"https:\/\/projectes.xtec.cat\/barcelona-apren-ciencia\/wp-json\/wp\/v2\/media?parent=10845"}],"wp:term":[{"taxonomy":"category","embeddable":true,"href":"https:\/\/projectes.xtec.cat\/barcelona-apren-ciencia\/wp-json\/wp\/v2\/categories?post=10845"},{"taxonomy":"post_tag","embeddable":true,"href":"https:\/\/projectes.xtec.cat\/barcelona-apren-ciencia\/wp-json\/wp\/v2\/tags?post=10845"}],"curies":[{"name":"wp","href":"https:\/\/api.w.org\/{rel}","templated":true}]}}