{"id":11086,"date":"2023-04-20T16:40:49","date_gmt":"2023-04-20T14:40:49","guid":{"rendered":"https:\/\/projectes.xtec.cat\/barcelona-apren-ciencia\/?p=11086"},"modified":"2023-04-20T16:40:49","modified_gmt":"2023-04-20T14:40:49","slug":"nomes-ciencia","status":"publish","type":"post","link":"https:\/\/projectes.xtec.cat\/barcelona-apren-ciencia\/general\/nomes-ciencia\/","title":{"rendered":"Nom\u00e9s ci\u00e8ncia"},"content":{"rendered":"<p><a href=\"https:\/\/www.eventbrite.es\/e\/entradas-semifinal-solo-de-ciencia-sdc-614969188397?aff=ebdssbdestsearch\"><img loading=\"lazy\" decoding=\"async\" class=\"wp-image-11088 alignleft\" src=\"https:\/\/projectes.xtec.cat\/barcelona-apren-ciencia\/wp-content\/uploads\/usu2041\/2023\/04\/unnamed-2.jpg\" alt=\"\" width=\"310\" height=\"155\" srcset=\"https:\/\/projectes.xtec.cat\/barcelona-apren-ciencia\/wp-content\/uploads\/usu2041\/2023\/04\/unnamed-2.jpg 2160w, https:\/\/projectes.xtec.cat\/barcelona-apren-ciencia\/wp-content\/uploads\/usu2041\/2023\/04\/unnamed-2-300x150.jpg 300w, https:\/\/projectes.xtec.cat\/barcelona-apren-ciencia\/wp-content\/uploads\/usu2041\/2023\/04\/unnamed-2-1024x512.jpg 1024w, https:\/\/projectes.xtec.cat\/barcelona-apren-ciencia\/wp-content\/uploads\/usu2041\/2023\/04\/unnamed-2-768x384.jpg 768w, https:\/\/projectes.xtec.cat\/barcelona-apren-ciencia\/wp-content\/uploads\/usu2041\/2023\/04\/unnamed-2-1536x768.jpg 1536w, https:\/\/projectes.xtec.cat\/barcelona-apren-ciencia\/wp-content\/uploads\/usu2041\/2023\/04\/unnamed-2-2048x1024.jpg 2048w\" sizes=\"auto, (max-width: 310px) 100vw, 310px\" \/><\/a>La Fundaci\u00f3n Espa\u00f1ola para la Ciencia y la Tecnolog\u00eda (FECYT) celebra aquest divendres 21 d&#8217;abril a les 20:30 al Centre de Cultura Contempor\u00e0nia de Barcelona les seminfinals del certamen de mon\u00f2legs cient\u00edfics <a href=\"https:\/\/www.eventbrite.es\/e\/entradas-semifinal-solo-de-ciencia-sdc-614969188397?aff=ebdssbdestsearch\" target=\"_blank\" rel=\"noopener\">Solo de Ci\u00e8ncia (SdC).\u00a0<\/a><\/p>\n<p>Es un certamen iberoameric\u00e0 de mon\u00f2legs cient\u00edfics que t\u00e9 com a objectiu fomentar la comunicaci\u00f3 de la ci\u00e8ncia en espanyol, estimulant els que desenvolupen els seus estudis o la seva carrera professional en l&#8217;\u00e0mbit de la ci\u00e8ncia i la tecnologia a involucrar-se de forma activa en la divulgaci\u00f3 a escenaris habitualment allunyats d&#8217;aquest tipus d&#8217;iniciatives.<\/p>\n<p>SdC est\u00e0 dissenyat per inspirar i motivar els que es dediquen a la ci\u00e8ncia i la tecnologia a participar activament en la divulgaci\u00f3 de les \u00e0rees de treball a trav\u00e9s de mon\u00f2legs cient\u00edfics, en contacte directe amb el p\u00fablic.<\/p>\n<p>Aqu\u00ed podeu aconseguir les <a href=\"https:\/\/www.eventbrite.es\/e\/entradas-semifinal-solo-de-ciencia-sdc-614969188397?aff=ebdssbdestsearch\" target=\"_blank\" rel=\"noopener\">vostres entrades<\/a><\/p>\n<p>&nbsp;<\/p>\n","protected":false},"excerpt":{"rendered":"<p>Mon\u00f2legs cient\u00edfics&hellip;  <a href=\"https:\/\/projectes.xtec.cat\/barcelona-apren-ciencia\/general\/nomes-ciencia\/\" title=\"Read Nom\u00e9s ci\u00e8ncia\">Llegeix m\u00e9s\u00bb<\/a><\/p>\n","protected":false},"author":117,"featured_media":11087,"comment_status":"closed","ping_status":"closed","sticky":false,"template":"","format":"standard","meta":{"_bbp_topic_count":0,"_bbp_reply_count":0,"_bbp_total_topic_count":0,"_bbp_total_reply_count":0,"_bbp_voice_count":0,"_bbp_anonymous_reply_count":0,"_bbp_topic_count_hidden":0,"_bbp_reply_count_hidden":0,"_bbp_forum_subforum_count":0,"footnotes":""},"categories":[359,1,29],"tags":[],"class_list":["post-11086","post","type-post","status-publish","format-standard","has-post-thumbnail","hentry","category-altres-recursos","category-general","category-portada"],"post_mailing_queue_ids":[],"_links":{"self":[{"href":"https:\/\/projectes.xtec.cat\/barcelona-apren-ciencia\/wp-json\/wp\/v2\/posts\/11086","targetHints":{"allow":["GET"]}}],"collection":[{"href":"https:\/\/projectes.xtec.cat\/barcelona-apren-ciencia\/wp-json\/wp\/v2\/posts"}],"about":[{"href":"https:\/\/projectes.xtec.cat\/barcelona-apren-ciencia\/wp-json\/wp\/v2\/types\/post"}],"author":[{"embeddable":true,"href":"https:\/\/projectes.xtec.cat\/barcelona-apren-ciencia\/wp-json\/wp\/v2\/users\/117"}],"replies":[{"embeddable":true,"href":"https:\/\/projectes.xtec.cat\/barcelona-apren-ciencia\/wp-json\/wp\/v2\/comments?post=11086"}],"version-history":[{"count":1,"href":"https:\/\/projectes.xtec.cat\/barcelona-apren-ciencia\/wp-json\/wp\/v2\/posts\/11086\/revisions"}],"predecessor-version":[{"id":11089,"href":"https:\/\/projectes.xtec.cat\/barcelona-apren-ciencia\/wp-json\/wp\/v2\/posts\/11086\/revisions\/11089"}],"wp:featuredmedia":[{"embeddable":true,"href":"https:\/\/projectes.xtec.cat\/barcelona-apren-ciencia\/wp-json\/wp\/v2\/media\/11087"}],"wp:attachment":[{"href":"https:\/\/projectes.xtec.cat\/barcelona-apren-ciencia\/wp-json\/wp\/v2\/media?parent=11086"}],"wp:term":[{"taxonomy":"category","embeddable":true,"href":"https:\/\/projectes.xtec.cat\/barcelona-apren-ciencia\/wp-json\/wp\/v2\/categories?post=11086"},{"taxonomy":"post_tag","embeddable":true,"href":"https:\/\/projectes.xtec.cat\/barcelona-apren-ciencia\/wp-json\/wp\/v2\/tags?post=11086"}],"curies":[{"name":"wp","href":"https:\/\/api.w.org\/{rel}","templated":true}]}}