{"id":11640,"date":"2024-01-26T14:52:46","date_gmt":"2024-01-26T13:52:46","guid":{"rendered":"https:\/\/projectes.xtec.cat\/barcelona-apren-ciencia\/?p=11640"},"modified":"2024-01-26T14:52:46","modified_gmt":"2024-01-26T13:52:46","slug":"intercanvi-dexperiencies","status":"publish","type":"post","link":"https:\/\/projectes.xtec.cat\/barcelona-apren-ciencia\/general\/intercanvi-dexperiencies\/","title":{"rendered":"Intercanvi d&#8217;experi\u00e8ncies"},"content":{"rendered":"<p>La\u00a0<b>Sisena Sessi\u00f3 (S6) de formaci\u00f3 de l\u201911\u00e8 Congr\u00e9s de Ci\u00e8ncia<\/b> ha reunit el professorat al CCCB, el dia 24 de gener, amb l&#8217;objectiu de compartir les idees, els neguits i l&#8217;aven\u00e7 a les aules.<\/p>\n<p>Amb una din\u00e0mica d'&#8221;amics cr\u00edtics&#8221;, cada docent ha pogut explicar el seu projecte i rebre feedback de companys i companyes. Tamb\u00e9 hi han participat l&#8217;equip de referents dels <strong>Centres de Recursos Pedag\u00f2gics<\/strong> i l&#8217;especialista en educaci\u00f3 cient\u00edfica, <strong>Genina Calafell<\/strong>, donant suport i orientaci\u00f3 en tots els projectes.<\/p>\n<p><img decoding=\"async\" src=\"https:\/\/pbs.twimg.com\/media\/GEsKpfJX0AI-taI?format=jpg&amp;name=large\" alt=\"Imagen\" \/><\/p>\n","protected":false},"excerpt":{"rendered":"<p>Compartim entre amics cr\u00edtics&hellip;  <a href=\"https:\/\/projectes.xtec.cat\/barcelona-apren-ciencia\/general\/intercanvi-dexperiencies\/\" title=\"Read Intercanvi d&#8217;experi\u00e8ncies\">Llegeix m\u00e9s\u00bb<\/a><\/p>\n","protected":false},"author":179,"featured_media":11641,"comment_status":"closed","ping_status":"closed","sticky":false,"template":"","format":"standard","meta":{"_bbp_topic_count":0,"_bbp_reply_count":0,"_bbp_total_topic_count":0,"_bbp_total_reply_count":0,"_bbp_voice_count":0,"_bbp_anonymous_reply_count":0,"_bbp_topic_count_hidden":0,"_bbp_reply_count_hidden":0,"_bbp_forum_subforum_count":0,"footnotes":""},"categories":[375,366,1,29],"tags":[368,291,343,369],"class_list":["post-11640","post","type-post","status-publish","format-standard","has-post-thumbnail","hentry","category-11e-congres-de-ciencia","category-formacio-11e-congres-de-ciencia","category-general","category-portada","tag-11e-congres-de-ciencia","tag-formacio","tag-mar","tag-oceans"],"post_mailing_queue_ids":[],"_links":{"self":[{"href":"https:\/\/projectes.xtec.cat\/barcelona-apren-ciencia\/wp-json\/wp\/v2\/posts\/11640","targetHints":{"allow":["GET"]}}],"collection":[{"href":"https:\/\/projectes.xtec.cat\/barcelona-apren-ciencia\/wp-json\/wp\/v2\/posts"}],"about":[{"href":"https:\/\/projectes.xtec.cat\/barcelona-apren-ciencia\/wp-json\/wp\/v2\/types\/post"}],"author":[{"embeddable":true,"href":"https:\/\/projectes.xtec.cat\/barcelona-apren-ciencia\/wp-json\/wp\/v2\/users\/179"}],"replies":[{"embeddable":true,"href":"https:\/\/projectes.xtec.cat\/barcelona-apren-ciencia\/wp-json\/wp\/v2\/comments?post=11640"}],"version-history":[{"count":3,"href":"https:\/\/projectes.xtec.cat\/barcelona-apren-ciencia\/wp-json\/wp\/v2\/posts\/11640\/revisions"}],"predecessor-version":[{"id":11644,"href":"https:\/\/projectes.xtec.cat\/barcelona-apren-ciencia\/wp-json\/wp\/v2\/posts\/11640\/revisions\/11644"}],"wp:featuredmedia":[{"embeddable":true,"href":"https:\/\/projectes.xtec.cat\/barcelona-apren-ciencia\/wp-json\/wp\/v2\/media\/11641"}],"wp:attachment":[{"href":"https:\/\/projectes.xtec.cat\/barcelona-apren-ciencia\/wp-json\/wp\/v2\/media?parent=11640"}],"wp:term":[{"taxonomy":"category","embeddable":true,"href":"https:\/\/projectes.xtec.cat\/barcelona-apren-ciencia\/wp-json\/wp\/v2\/categories?post=11640"},{"taxonomy":"post_tag","embeddable":true,"href":"https:\/\/projectes.xtec.cat\/barcelona-apren-ciencia\/wp-json\/wp\/v2\/tags?post=11640"}],"curies":[{"name":"wp","href":"https:\/\/api.w.org\/{rel}","templated":true}]}}