{"id":12024,"date":"2024-10-16T09:39:51","date_gmt":"2024-10-16T07:39:51","guid":{"rendered":"https:\/\/projectes.xtec.cat\/barcelona-apren-ciencia\/?p=12024"},"modified":"2024-10-16T09:58:33","modified_gmt":"2024-10-16T07:58:33","slug":"curtmetratge-soc-aigua","status":"publish","type":"post","link":"https:\/\/projectes.xtec.cat\/barcelona-apren-ciencia\/general\/curtmetratge-soc-aigua\/","title":{"rendered":"Curtmetratge Soc Aigua"},"content":{"rendered":"<p>Aprofitant el Dia Mundial contra el Canvi Clim\u00e0tic, el 24 d&#8217;octubre, un equip de cient\u00edfics amb el suport de la FCRI, han creat el curtmetratge <a href=\"https:\/\/www.rosercusso.com\/soc-aigua\/\">Soc Aigua<\/a>.<\/p>\n<p><img loading=\"lazy\" decoding=\"async\" class=\"wp-image-12025 alignleft\" src=\"https:\/\/projectes.xtec.cat\/barcelona-apren-ciencia\/wp-content\/uploads\/usu2041\/2024\/10\/frame1.jpg\" alt=\"\" width=\"388\" height=\"192\" \/><\/p>\n<p>El curt es centra en les conseq\u00fc\u00e8ncies biol\u00f2giques, geogr\u00e0fiques i socials del canvi clim\u00e0tic en el cicle de l&#8217;aigua. \u00c9s de car\u00e0cter divulgatiu, amb conceptes cient\u00edfics adaptats al l\u00e8xic infantil i t\u00e9 una orientaci\u00f3 ecofeminista.<\/p>\n<p>Creiem que aquesta \u00e9s una excel\u00b7lent oportunitat perqu\u00e8 els alumnes aprenguin sobre el canvi clim\u00e0tic de manera amena i din\u00e0mica.<\/p>\n<p>El curt es pot visualitzar al seg\u00fcent enlla\u00e7: <a href=\"https:\/\/www.rosercusso.com\/soc-aigua\/\">https:\/\/www.rosercusso.com\/soc-aigua\/<\/a><\/p>\n<p>&nbsp;<\/p>\n<p>Si utilitzeu el v\u00eddeo, ens demanen que ompliu aquest senzill <a href=\"https:\/\/docs.google.com\/forms\/d\/1Ytd6CK9Ne7IUsO1nEcO1YpNnfua3ROm0DxCrsqodxb0\/edit\">q\u00fcestionari<\/a>.<\/p>\n<p>&nbsp;<\/p>\n<p>&nbsp;<\/p>\n","protected":false},"excerpt":{"rendered":"<p>Aprofitant el Dia Mundial contra el Canvi Clim\u00e0tic&#8230;&hellip;  <a href=\"https:\/\/projectes.xtec.cat\/barcelona-apren-ciencia\/general\/curtmetratge-soc-aigua\/\" title=\"Read Curtmetratge Soc Aigua\">Llegeix m\u00e9s\u00bb<\/a><\/p>\n","protected":false},"author":179,"featured_media":12029,"comment_status":"open","ping_status":"closed","sticky":false,"template":"","format":"standard","meta":{"_bbp_topic_count":0,"_bbp_reply_count":0,"_bbp_total_topic_count":0,"_bbp_total_reply_count":0,"_bbp_voice_count":0,"_bbp_anonymous_reply_count":0,"_bbp_topic_count_hidden":0,"_bbp_reply_count_hidden":0,"_bbp_forum_subforum_count":0,"footnotes":""},"categories":[1,29],"tags":[],"class_list":["post-12024","post","type-post","status-publish","format-standard","has-post-thumbnail","hentry","category-general","category-portada"],"post_mailing_queue_ids":[],"_links":{"self":[{"href":"https:\/\/projectes.xtec.cat\/barcelona-apren-ciencia\/wp-json\/wp\/v2\/posts\/12024","targetHints":{"allow":["GET"]}}],"collection":[{"href":"https:\/\/projectes.xtec.cat\/barcelona-apren-ciencia\/wp-json\/wp\/v2\/posts"}],"about":[{"href":"https:\/\/projectes.xtec.cat\/barcelona-apren-ciencia\/wp-json\/wp\/v2\/types\/post"}],"author":[{"embeddable":true,"href":"https:\/\/projectes.xtec.cat\/barcelona-apren-ciencia\/wp-json\/wp\/v2\/users\/179"}],"replies":[{"embeddable":true,"href":"https:\/\/projectes.xtec.cat\/barcelona-apren-ciencia\/wp-json\/wp\/v2\/comments?post=12024"}],"version-history":[{"count":3,"href":"https:\/\/projectes.xtec.cat\/barcelona-apren-ciencia\/wp-json\/wp\/v2\/posts\/12024\/revisions"}],"predecessor-version":[{"id":12030,"href":"https:\/\/projectes.xtec.cat\/barcelona-apren-ciencia\/wp-json\/wp\/v2\/posts\/12024\/revisions\/12030"}],"wp:featuredmedia":[{"embeddable":true,"href":"https:\/\/projectes.xtec.cat\/barcelona-apren-ciencia\/wp-json\/wp\/v2\/media\/12029"}],"wp:attachment":[{"href":"https:\/\/projectes.xtec.cat\/barcelona-apren-ciencia\/wp-json\/wp\/v2\/media?parent=12024"}],"wp:term":[{"taxonomy":"category","embeddable":true,"href":"https:\/\/projectes.xtec.cat\/barcelona-apren-ciencia\/wp-json\/wp\/v2\/categories?post=12024"},{"taxonomy":"post_tag","embeddable":true,"href":"https:\/\/projectes.xtec.cat\/barcelona-apren-ciencia\/wp-json\/wp\/v2\/tags?post=12024"}],"curies":[{"name":"wp","href":"https:\/\/api.w.org\/{rel}","templated":true}]}}