{"id":12588,"date":"2025-12-11T12:32:50","date_gmt":"2025-12-11T11:32:50","guid":{"rendered":"https:\/\/projectes.xtec.cat\/barcelona-apren-ciencia\/?p=12588"},"modified":"2025-12-18T13:16:46","modified_gmt":"2025-12-18T12:16:46","slug":"comunitat-cientifica-2026","status":"publish","type":"post","link":"https:\/\/projectes.xtec.cat\/barcelona-apren-ciencia\/general\/comunitat-cientifica-2026\/","title":{"rendered":"Comunitat cient\u00edfica 2025-2026"},"content":{"rendered":"\n<p>Aquest curs tornem a repetir l&#8217;experi\u00e8ncia de gaudir de l&#8217;acompanyament d&#8217;una cient\u00edfica o cient\u00edfic. Cada centre tindr\u00e0 associada una investigadora o investigador i podr\u00e0 fer una trobada per intercanviar informaci\u00f3 sobre la tem\u00e0tica de les respectives recerques i les activitats relacionades.<\/p>\n\n\n\n<p>Aquesta sessi\u00f3 t\u00e9 un objectiu motivacional per l\u2019alumnat, que tot just far\u00e0 unes setmanes que hauran iniciat la seva recerca relacionada amb la tem\u00e0tica.<\/p>\n\n\n\n<p>El dia de la sessi\u00f3, la cient\u00edfica o cient\u00edfic es presentar\u00e0 a escala personal i tamb\u00e9 explicar\u00e0 la seva recerca, responent a les preguntes de l\u2019alumnat. Tanmateix, els infants exposaran les seves propostes per dur a terme les seves investigacions a l\u2019aula, rebent el consell expert de la persona.<\/p>\n\n\n\n<p>Aprofitem per donar visibilitat a aquestes persones de la comunitat cient\u00edfica, que col\u00b7laboren amb el Congr\u00e9s de ci\u00e8ncia de forma altruista.<\/p>\n\n\n\n<pre class=\"wp-block-code\"><code><\/code><\/pre>\n\n\n\n<iframe loading=\"lazy\" src=\"https:\/\/drive.google.com\/file\/d\/19Q5sqp3o_JX5QMijFdL7CqxsDhx3o2eE\/preview\" width=\"640\" height=\"480\"><\/iframe>\n\n\n\n<p><\/p>\n","protected":false},"excerpt":{"rendered":"<p>Aquest curs tornem a repetir&#8230;&hellip;  <a href=\"https:\/\/projectes.xtec.cat\/barcelona-apren-ciencia\/general\/comunitat-cientifica-2026\/\" title=\"Read Comunitat cient\u00edfica 2025-2026\">Llegeix m\u00e9s\u00bb<\/a><\/p>\n","protected":false},"author":179,"featured_media":12613,"comment_status":"open","ping_status":"open","sticky":false,"template":"","format":"standard","meta":{"_bbp_topic_count":0,"_bbp_reply_count":0,"_bbp_total_topic_count":0,"_bbp_total_reply_count":0,"_bbp_voice_count":0,"_bbp_anonymous_reply_count":0,"_bbp_topic_count_hidden":0,"_bbp_reply_count_hidden":0,"_bbp_forum_subforum_count":0,"footnotes":""},"categories":[406,1,29],"tags":[],"class_list":["post-12588","post","type-post","status-publish","format-standard","has-post-thumbnail","hentry","category-13e-congres-de-ciencia","category-general","category-portada"],"post_mailing_queue_ids":[],"_links":{"self":[{"href":"https:\/\/projectes.xtec.cat\/barcelona-apren-ciencia\/wp-json\/wp\/v2\/posts\/12588","targetHints":{"allow":["GET"]}}],"collection":[{"href":"https:\/\/projectes.xtec.cat\/barcelona-apren-ciencia\/wp-json\/wp\/v2\/posts"}],"about":[{"href":"https:\/\/projectes.xtec.cat\/barcelona-apren-ciencia\/wp-json\/wp\/v2\/types\/post"}],"author":[{"embeddable":true,"href":"https:\/\/projectes.xtec.cat\/barcelona-apren-ciencia\/wp-json\/wp\/v2\/users\/179"}],"replies":[{"embeddable":true,"href":"https:\/\/projectes.xtec.cat\/barcelona-apren-ciencia\/wp-json\/wp\/v2\/comments?post=12588"}],"version-history":[{"count":6,"href":"https:\/\/projectes.xtec.cat\/barcelona-apren-ciencia\/wp-json\/wp\/v2\/posts\/12588\/revisions"}],"predecessor-version":[{"id":12608,"href":"https:\/\/projectes.xtec.cat\/barcelona-apren-ciencia\/wp-json\/wp\/v2\/posts\/12588\/revisions\/12608"}],"wp:featuredmedia":[{"embeddable":true,"href":"https:\/\/projectes.xtec.cat\/barcelona-apren-ciencia\/wp-json\/wp\/v2\/media\/12613"}],"wp:attachment":[{"href":"https:\/\/projectes.xtec.cat\/barcelona-apren-ciencia\/wp-json\/wp\/v2\/media?parent=12588"}],"wp:term":[{"taxonomy":"category","embeddable":true,"href":"https:\/\/projectes.xtec.cat\/barcelona-apren-ciencia\/wp-json\/wp\/v2\/categories?post=12588"},{"taxonomy":"post_tag","embeddable":true,"href":"https:\/\/projectes.xtec.cat\/barcelona-apren-ciencia\/wp-json\/wp\/v2\/tags?post=12588"}],"curies":[{"name":"wp","href":"https:\/\/api.w.org\/{rel}","templated":true}]}}