{"id":8539,"date":"2020-01-09T14:05:57","date_gmt":"2020-01-09T13:05:57","guid":{"rendered":"https:\/\/projectes.xtec.cat\/barcelona-apren-ciencia\/?p=8539"},"modified":"2021-11-04T11:52:45","modified_gmt":"2021-11-04T10:52:45","slug":"3a-i-4a-sessio-de-formacio","status":"publish","type":"post","link":"https:\/\/projectes.xtec.cat\/barcelona-apren-ciencia\/portada\/3a-i-4a-sessio-de-formacio\/","title":{"rendered":"3a i 4a sessi\u00f3 de formaci\u00f3"},"content":{"rendered":"<p><a href=\"https:\/\/projectes.xtec.cat\/barcelona-apren-ciencia\/wp-content\/uploads\/usu2041\/2020\/01\/Black-and-Cyan-Modern-Science-Fair-Event-Poster1.png\"><img loading=\"lazy\" decoding=\"async\" class=\"wp-image-8542 alignleft\" src=\"https:\/\/projectes.xtec.cat\/barcelona-apren-ciencia\/wp-content\/uploads\/usu2041\/2020\/01\/Black-and-Cyan-Modern-Science-Fair-Event-Poster1-933x1024.png\" alt=\"\" width=\"482\" height=\"529\" srcset=\"https:\/\/projectes.xtec.cat\/barcelona-apren-ciencia\/wp-content\/uploads\/usu2041\/2020\/01\/Black-and-Cyan-Modern-Science-Fair-Event-Poster1-933x1024.png 933w, https:\/\/projectes.xtec.cat\/barcelona-apren-ciencia\/wp-content\/uploads\/usu2041\/2020\/01\/Black-and-Cyan-Modern-Science-Fair-Event-Poster1-273x300.png 273w, https:\/\/projectes.xtec.cat\/barcelona-apren-ciencia\/wp-content\/uploads\/usu2041\/2020\/01\/Black-and-Cyan-Modern-Science-Fair-Event-Poster1-768x843.png 768w, https:\/\/projectes.xtec.cat\/barcelona-apren-ciencia\/wp-content\/uploads\/usu2041\/2020\/01\/Black-and-Cyan-Modern-Science-Fair-Event-Poster1.png 1563w\" sizes=\"auto, (max-width: 482px) 100vw, 482px\" \/><\/a><\/p>\n<p>Tenim el goig de comunicar-vos que, per a les dues properes sessions de formaci\u00f3, comptem amb la col\u00b7laboraci\u00f3 de Digna Couso.<\/p>\n<p>Directora del Centre de recerca per a l&#8217;Educaci\u00f3 Cient\u00edfica i Matem\u00e0tica (CRECIM) de la\u00a0 UAB on,\u00a0 a banda de la seva l\u00ednia d&#8217;investigaci\u00f3 entorn a l&#8217;aprenentatge, i la seva tasca docent com a professora agregada, tamb\u00e9 participa en l&#8217;elaboraci\u00f3 de materials did\u00e0ctics.<\/p>\n<p>Como a investigadora, les seves l\u00ednies principals d&#8217;investigaci\u00f3 son la educaci\u00f3 cient\u00edfica des d&#8217;una perspectiva d&#8217;equitat i g\u00e8nere (veure projecte <a href=\"https:\/\/steam4u.eu\/#project\">STEAM4U<\/a>) i l&#8217;avaluaci\u00f3 d&#8217;iniciatives educatives.. Tamb\u00e9 est\u00e0 compromesa en projectes de transfer\u00e8ncia per a alumnes de secund\u00e0ria ( veure\u00a0<a href=\"https:\/\/revir.crecim.cat\/\"> PROJECTE REVIR<\/a>)i treballa en la formaci\u00f3 de professors, educadors i divulgadors en l&#8217;\u00e0mbit cient\u00edfic-t\u00e8cnic.<\/p>\n<p>&nbsp;<\/p>\n","protected":false},"excerpt":{"rendered":"<p><a href=\"https:\/\/projectes.xtec.cat\/barcelona-apren-ciencia\/wp-content\/uploads\/usu2041\/2020\/01\/Black-and-Cyan-Modern-Science-Fair-Event-Poster1.png\"><img loading=\"lazy\" decoding=\"async\" class=\"alignnone  wp-image-8542\" src=\"https:\/\/projectes.xtec.cat\/barcelona-apren-ciencia\/wp-content\/uploads\/usu2041\/2020\/01\/Black-and-Cyan-Modern-Science-Fair-Event-Poster1-933x1024.png\" alt=\"\" width=\"400\" height=\"439\" srcset=\"https:\/\/projectes.xtec.cat\/barcelona-apren-ciencia\/wp-content\/uploads\/usu2041\/2020\/01\/Black-and-Cyan-Modern-Science-Fair-Event-Poster1-933x1024.png 933w, https:\/\/projectes.xtec.cat\/barcelona-apren-ciencia\/wp-content\/uploads\/usu2041\/2020\/01\/Black-and-Cyan-Modern-Science-Fair-Event-Poster1-273x300.png 273w, https:\/\/projectes.xtec.cat\/barcelona-apren-ciencia\/wp-content\/uploads\/usu2041\/2020\/01\/Black-and-Cyan-Modern-Science-Fair-Event-Poster1-768x843.png 768w, https:\/\/projectes.xtec.cat\/barcelona-apren-ciencia\/wp-content\/uploads\/usu2041\/2020\/01\/Black-and-Cyan-Modern-Science-Fair-Event-Poster1.png 1563w\" sizes=\"auto, (max-width: 400px) 100vw, 400px\" \/><\/a><br \/>\nDigna Couso: Directora del Centre de recerca per a l&#8217;Educaci\u00f3 Cient\u00edfica i Matem\u00e0tica (CRECIM) de la\u00a0 UAB&hellip;  <a href=\"https:\/\/projectes.xtec.cat\/barcelona-apren-ciencia\/portada\/3a-i-4a-sessio-de-formacio\/\" title=\"Read 3a i 4a sessi\u00f3 de formaci\u00f3\">Llegeix m\u00e9s\u00bb<\/a><\/p>\n","protected":false},"author":3,"featured_media":0,"comment_status":"open","ping_status":"closed","sticky":false,"template":"","format":"standard","meta":{"_bbp_topic_count":0,"_bbp_reply_count":0,"_bbp_total_topic_count":0,"_bbp_total_reply_count":0,"_bbp_voice_count":0,"_bbp_anonymous_reply_count":0,"_bbp_topic_count_hidden":0,"_bbp_reply_count_hidden":0,"_bbp_forum_subforum_count":0,"footnotes":""},"categories":[154,29,76],"tags":[287,289,285],"class_list":["post-8539","post","type-post","status-publish","format-standard","hentry","category-formacio","category-portada","category-recursos","tag-cc","tag-cc7","tag-curs-19-20"],"post_mailing_queue_ids":[],"_links":{"self":[{"href":"https:\/\/projectes.xtec.cat\/barcelona-apren-ciencia\/wp-json\/wp\/v2\/posts\/8539","targetHints":{"allow":["GET"]}}],"collection":[{"href":"https:\/\/projectes.xtec.cat\/barcelona-apren-ciencia\/wp-json\/wp\/v2\/posts"}],"about":[{"href":"https:\/\/projectes.xtec.cat\/barcelona-apren-ciencia\/wp-json\/wp\/v2\/types\/post"}],"author":[{"embeddable":true,"href":"https:\/\/projectes.xtec.cat\/barcelona-apren-ciencia\/wp-json\/wp\/v2\/users\/3"}],"replies":[{"embeddable":true,"href":"https:\/\/projectes.xtec.cat\/barcelona-apren-ciencia\/wp-json\/wp\/v2\/comments?post=8539"}],"version-history":[{"count":3,"href":"https:\/\/projectes.xtec.cat\/barcelona-apren-ciencia\/wp-json\/wp\/v2\/posts\/8539\/revisions"}],"predecessor-version":[{"id":8545,"href":"https:\/\/projectes.xtec.cat\/barcelona-apren-ciencia\/wp-json\/wp\/v2\/posts\/8539\/revisions\/8545"}],"wp:attachment":[{"href":"https:\/\/projectes.xtec.cat\/barcelona-apren-ciencia\/wp-json\/wp\/v2\/media?parent=8539"}],"wp:term":[{"taxonomy":"category","embeddable":true,"href":"https:\/\/projectes.xtec.cat\/barcelona-apren-ciencia\/wp-json\/wp\/v2\/categories?post=8539"},{"taxonomy":"post_tag","embeddable":true,"href":"https:\/\/projectes.xtec.cat\/barcelona-apren-ciencia\/wp-json\/wp\/v2\/tags?post=8539"}],"curies":[{"name":"wp","href":"https:\/\/api.w.org\/{rel}","templated":true}]}}