{"id":8615,"date":"2019-10-30T10:53:56","date_gmt":"2019-10-30T09:53:56","guid":{"rendered":"https:\/\/projectes.xtec.cat\/barcelona-apren-ciencia\/?p=8615"},"modified":"2021-11-04T11:53:07","modified_gmt":"2021-11-04T10:53:07","slug":"primera-jornada-de-formacio","status":"publish","type":"post","link":"https:\/\/projectes.xtec.cat\/barcelona-apren-ciencia\/portada\/primera-jornada-de-formacio\/","title":{"rendered":"Primera jornada de formaci\u00f3"},"content":{"rendered":"<p>Obra la primera sessi\u00f3 de formaci\u00f3 del 7\u00e8 Congr\u00e9s de ci\u00e8ncia, l&#8217;Eduard Vallory, analista social i gestor del canvi catal\u00e0, especialitzat en educaci\u00f3, doctor en <a class=\"mw-redirect\" title=\"Ci\u00e8ncies Pol\u00edtiques\" href=\"https:\/\/ca.wikipedia.org\/wiki\/Ci%C3%A8ncies_Pol%C3%ADtiques\">Ci\u00e8ncies Pol\u00edtiques<\/a> i Socials (<a class=\"mw-redirect\" title=\"UPF\" href=\"https:\/\/ca.wikipedia.org\/wiki\/UPF\">UPF<\/a>), m\u00e0ster en Ci\u00e8ncies Socials (<a title=\"Universitat de Chicago\" href=\"https:\/\/ca.wikipedia.org\/wiki\/Universitat_de_Chicago\">Universitat de Chicago<\/a>), diplomat en Alta Direcci\u00f3 d&#8217;Empreses (AMP-PADE) per l&#8217;<a title=\"IESE\" href=\"https:\/\/ca.wikipedia.org\/wiki\/IESE\">IESE<\/a>, i llicenciat en Filosofia (<a class=\"mw-redirect\" title=\"UB\" href=\"https:\/\/ca.wikipedia.org\/wiki\/UB\">UB<\/a>) i en Periodisme (<a class=\"mw-redirect\" title=\"UPF\" href=\"https:\/\/ca.wikipedia.org\/wiki\/UPF\">UPF<\/a>).<\/p>\n<p>La tardor de 2014 va rebre l&#8217;enc\u00e0rrec de la Generalitat d&#8217;impulsar un programa universitari de formaci\u00f3 permanent per al desenvolupament professional dels mestres, que es du a terme amb la UVic i la UOC. \u00c9s president del <a title=\"\" href=\"https:\/\/ca.wikipedia.org\/wiki\/Centre_UNESCO_de_Catalunya\">Centre UNESCO de Catalunya<\/a>, patr\u00f3 del <a title=\"Barcelona Institute of Science and Technology\" href=\"https:\/\/ca.wikipedia.org\/wiki\/Barcelona_Institute_of_Science_and_Technology\">Barcelona Institute of Science and Technology<\/a>, i patr\u00f3 de l&#8217;Institut d&#8217;Humanitats de Barcelona.<\/p>\n<p>En la seva intervenci\u00f3, l&#8217;Eduard Vallory va exposar les l\u00ednies del seu treball en relaci\u00f3 a la transformaci\u00f3 educativa, pe\u00e7a fonamental per a la transformaci\u00f3 del m\u00f3n en qu\u00e8 vivim.<\/p>\n<p>A sota podeu consultar el material que ha utilitzat en la seva intervenci\u00f3.<\/p>\n<p><iframe loading=\"lazy\" src=\"https:\/\/drive.google.com\/file\/d\/1I5naOk5S7WJ3qQ3MqKrqSPwKcg1gTQam\/preview\" width=\"640\" height=\"480\"><\/iframe><\/p>\n","protected":false},"excerpt":{"rendered":"<p><a href=\"https:\/\/projectes.xtec.cat\/barcelona-apren-ciencia\/wp-content\/uploads\/usu2041\/2019\/10\/1.jpg\"><img loading=\"lazy\" decoding=\"async\" class=\"alignnone wp-image-8626\" src=\"https:\/\/projectes.xtec.cat\/barcelona-apren-ciencia\/wp-content\/uploads\/usu2041\/2019\/10\/1-731x1024.jpg\" alt=\"\" width=\"302\" height=\"423\" srcset=\"https:\/\/projectes.xtec.cat\/barcelona-apren-ciencia\/wp-content\/uploads\/usu2041\/2019\/10\/1-731x1024.jpg 731w, https:\/\/projectes.xtec.cat\/barcelona-apren-ciencia\/wp-content\/uploads\/usu2041\/2019\/10\/1-214x300.jpg 214w, https:\/\/projectes.xtec.cat\/barcelona-apren-ciencia\/wp-content\/uploads\/usu2041\/2019\/10\/1-768x1076.jpg 768w, https:\/\/projectes.xtec.cat\/barcelona-apren-ciencia\/wp-content\/uploads\/usu2041\/2019\/10\/1.jpg 1428w\" sizes=\"auto, (max-width: 302px) 100vw, 302px\" \/><\/a>&hellip;  <a href=\"https:\/\/projectes.xtec.cat\/barcelona-apren-ciencia\/portada\/primera-jornada-de-formacio\/\" title=\"Read Primera jornada de formaci\u00f3\">Llegeix m\u00e9s\u00bb<\/a><\/p>\n","protected":false},"author":3,"featured_media":0,"comment_status":"open","ping_status":"closed","sticky":false,"template":"","format":"standard","meta":{"_bbp_topic_count":0,"_bbp_reply_count":0,"_bbp_total_topic_count":0,"_bbp_total_reply_count":0,"_bbp_voice_count":0,"_bbp_anonymous_reply_count":0,"_bbp_topic_count_hidden":0,"_bbp_reply_count_hidden":0,"_bbp_forum_subforum_count":0,"footnotes":""},"categories":[154,29,76],"tags":[289,285,291],"class_list":["post-8615","post","type-post","status-publish","format-standard","hentry","category-formacio","category-portada","category-recursos","tag-cc7","tag-curs-19-20","tag-formacio"],"post_mailing_queue_ids":[],"_links":{"self":[{"href":"https:\/\/projectes.xtec.cat\/barcelona-apren-ciencia\/wp-json\/wp\/v2\/posts\/8615","targetHints":{"allow":["GET"]}}],"collection":[{"href":"https:\/\/projectes.xtec.cat\/barcelona-apren-ciencia\/wp-json\/wp\/v2\/posts"}],"about":[{"href":"https:\/\/projectes.xtec.cat\/barcelona-apren-ciencia\/wp-json\/wp\/v2\/types\/post"}],"author":[{"embeddable":true,"href":"https:\/\/projectes.xtec.cat\/barcelona-apren-ciencia\/wp-json\/wp\/v2\/users\/3"}],"replies":[{"embeddable":true,"href":"https:\/\/projectes.xtec.cat\/barcelona-apren-ciencia\/wp-json\/wp\/v2\/comments?post=8615"}],"version-history":[{"count":3,"href":"https:\/\/projectes.xtec.cat\/barcelona-apren-ciencia\/wp-json\/wp\/v2\/posts\/8615\/revisions"}],"predecessor-version":[{"id":8657,"href":"https:\/\/projectes.xtec.cat\/barcelona-apren-ciencia\/wp-json\/wp\/v2\/posts\/8615\/revisions\/8657"}],"wp:attachment":[{"href":"https:\/\/projectes.xtec.cat\/barcelona-apren-ciencia\/wp-json\/wp\/v2\/media?parent=8615"}],"wp:term":[{"taxonomy":"category","embeddable":true,"href":"https:\/\/projectes.xtec.cat\/barcelona-apren-ciencia\/wp-json\/wp\/v2\/categories?post=8615"},{"taxonomy":"post_tag","embeddable":true,"href":"https:\/\/projectes.xtec.cat\/barcelona-apren-ciencia\/wp-json\/wp\/v2\/tags?post=8615"}],"curies":[{"name":"wp","href":"https:\/\/api.w.org\/{rel}","templated":true}]}}