{"id":8671,"date":"2020-02-10T09:41:14","date_gmt":"2020-02-10T08:41:14","guid":{"rendered":"https:\/\/projectes.xtec.cat\/barcelona-apren-ciencia\/?p=8671"},"modified":"2020-10-27T12:25:29","modified_gmt":"2020-10-27T11:25:29","slug":"habilitats-comunicatives-a-laula","status":"publish","type":"post","link":"https:\/\/projectes.xtec.cat\/barcelona-apren-ciencia\/portada\/habilitats-comunicatives-a-laula\/","title":{"rendered":"Habilitats comunicatives a l&#8217;aula"},"content":{"rendered":"<p><a href=\"https:\/\/projectes.xtec.cat\/barcelona-apren-ciencia\/wp-content\/uploads\/usu2041\/2020\/02\/gormaci\u00f3-llegua.jpg\"><img loading=\"lazy\" decoding=\"async\" class=\"wp-image-8689 alignleft\" src=\"https:\/\/projectes.xtec.cat\/barcelona-apren-ciencia\/wp-content\/uploads\/usu2041\/2020\/02\/gormaci\u00f3-llegua-796x1024.jpg\" alt=\"\" width=\"406\" height=\"523\" srcset=\"https:\/\/projectes.xtec.cat\/barcelona-apren-ciencia\/wp-content\/uploads\/usu2041\/2020\/02\/gormaci\u00f3-llegua-796x1024.jpg 796w, https:\/\/projectes.xtec.cat\/barcelona-apren-ciencia\/wp-content\/uploads\/usu2041\/2020\/02\/gormaci\u00f3-llegua-233x300.jpg 233w, https:\/\/projectes.xtec.cat\/barcelona-apren-ciencia\/wp-content\/uploads\/usu2041\/2020\/02\/gormaci\u00f3-llegua-768x988.jpg 768w, https:\/\/projectes.xtec.cat\/barcelona-apren-ciencia\/wp-content\/uploads\/usu2041\/2020\/02\/gormaci\u00f3-llegua.jpg 1555w\" sizes=\"auto, (max-width: 406px) 100vw, 406px\" \/><\/a><\/p>\n<p>&nbsp;<\/p>\n<p>Ens agrada comunicar-vos que per a la propera sessi\u00f3 de formaci\u00f3 comptem amb la col\u00b7laboraci\u00f3 de Francina Mart\u00ed per tal de parlar-nos de les habilitats comunicatives a l&#8217;aula, en concret a l&#8217;aula de ci\u00e8ncia, i especialment pel que fa a l&#8217;oralitat.<\/p>\n<p>Llicenciada en Filologia catalana i professora d&#8217;Educaci\u00f3 Secund\u00e0ria, Francina Mart\u00ed ha estat professora a diferents instituts de secund\u00e0ria. De 2008 a 2013 va treballar com a t\u00e8cnica docent en el Departament d\u2019Ensenyament de la Generalitat de Catalunya, en el Servei d\u2019Innovaci\u00f3 i de Formaci\u00f3 del professorat.<\/p>\n<p>El seu camp\u00a0 d&#8217;investigaci\u00f3 \u00e9s la did\u00e0ctica de la llengua i la lectura cr\u00edtica en entorns digitals. En l\u2019actualitat \u00e9s presidenta de l&#8217;Associaci\u00f3 de Mestres Rosa Sensat.<\/p>\n<p>&nbsp;<\/p>\n<p>&nbsp;<\/p>\n<p>&nbsp;<\/p>\n<p>&nbsp;<\/p>\n<p>&nbsp;<\/p>\n<p>&nbsp;<\/p>\n<p>&nbsp;<\/p>\n<p>&nbsp;<\/p>\n","protected":false},"excerpt":{"rendered":"<p>Formaci\u00f3<br \/>\n&hellip;  <a href=\"https:\/\/projectes.xtec.cat\/barcelona-apren-ciencia\/portada\/habilitats-comunicatives-a-laula\/\" title=\"Read Habilitats comunicatives a l&#8217;aula\">Llegeix m\u00e9s\u00bb<\/a><\/p>\n","protected":false},"author":3,"featured_media":8689,"comment_status":"open","ping_status":"closed","sticky":false,"template":"","format":"standard","meta":{"_bbp_topic_count":0,"_bbp_reply_count":0,"_bbp_total_topic_count":0,"_bbp_total_reply_count":0,"_bbp_voice_count":0,"_bbp_anonymous_reply_count":0,"_bbp_topic_count_hidden":0,"_bbp_reply_count_hidden":0,"_bbp_forum_subforum_count":0,"footnotes":""},"categories":[29,76],"tags":[289,285,291],"class_list":["post-8671","post","type-post","status-publish","format-standard","has-post-thumbnail","hentry","category-portada","category-recursos","tag-cc7","tag-curs-19-20","tag-formacio"],"post_mailing_queue_ids":[],"_links":{"self":[{"href":"https:\/\/projectes.xtec.cat\/barcelona-apren-ciencia\/wp-json\/wp\/v2\/posts\/8671","targetHints":{"allow":["GET"]}}],"collection":[{"href":"https:\/\/projectes.xtec.cat\/barcelona-apren-ciencia\/wp-json\/wp\/v2\/posts"}],"about":[{"href":"https:\/\/projectes.xtec.cat\/barcelona-apren-ciencia\/wp-json\/wp\/v2\/types\/post"}],"author":[{"embeddable":true,"href":"https:\/\/projectes.xtec.cat\/barcelona-apren-ciencia\/wp-json\/wp\/v2\/users\/3"}],"replies":[{"embeddable":true,"href":"https:\/\/projectes.xtec.cat\/barcelona-apren-ciencia\/wp-json\/wp\/v2\/comments?post=8671"}],"version-history":[{"count":3,"href":"https:\/\/projectes.xtec.cat\/barcelona-apren-ciencia\/wp-json\/wp\/v2\/posts\/8671\/revisions"}],"predecessor-version":[{"id":8973,"href":"https:\/\/projectes.xtec.cat\/barcelona-apren-ciencia\/wp-json\/wp\/v2\/posts\/8671\/revisions\/8973"}],"wp:featuredmedia":[{"embeddable":true,"href":"https:\/\/projectes.xtec.cat\/barcelona-apren-ciencia\/wp-json\/wp\/v2\/media\/8689"}],"wp:attachment":[{"href":"https:\/\/projectes.xtec.cat\/barcelona-apren-ciencia\/wp-json\/wp\/v2\/media?parent=8671"}],"wp:term":[{"taxonomy":"category","embeddable":true,"href":"https:\/\/projectes.xtec.cat\/barcelona-apren-ciencia\/wp-json\/wp\/v2\/categories?post=8671"},{"taxonomy":"post_tag","embeddable":true,"href":"https:\/\/projectes.xtec.cat\/barcelona-apren-ciencia\/wp-json\/wp\/v2\/tags?post=8671"}],"curies":[{"name":"wp","href":"https:\/\/api.w.org\/{rel}","templated":true}]}}