{"id":9885,"date":"2021-12-17T11:53:05","date_gmt":"2021-12-17T10:53:05","guid":{"rendered":"https:\/\/projectes.xtec.cat\/barcelona-apren-ciencia\/?p=9885"},"modified":"2021-12-17T11:53:34","modified_gmt":"2021-12-17T10:53:34","slug":"ara-aqui-les-escoles-2","status":"publish","type":"post","link":"https:\/\/projectes.xtec.cat\/barcelona-apren-ciencia\/portada\/ara-aqui-les-escoles-2\/","title":{"rendered":"Ara, aqu\u00ed les escoles"},"content":{"rendered":"<p><a href=\"https:\/\/serveiseducatius.xtec.cat\/santmarti\/wp-content\/uploads\/usu785\/2021\/12\/https___cdn.evbuc_.com_images_195357319_156469979121_1_original.jpg\"><img loading=\"lazy\" decoding=\"async\" class=\" wp-image-6612 alignleft\" src=\"https:\/\/serveiseducatius.xtec.cat\/santmarti\/wp-content\/uploads\/usu785\/2021\/12\/https___cdn.evbuc_.com_images_195357319_156469979121_1_original-300x150.jpg\" alt=\"\" width=\"338\" height=\"169\" \/><\/a>Des d&#8217;avui, dijous 16 de desembre i fins el 22 de desembre, romandr\u00e0 obert al p\u00fablic al vest\u00edbul de l&#8217;Ajuntament de Barcelona (Pla\u00e7a Sant Jaume, 1)\u00a0l&#8217;exposici\u00f3\u00a0<i>&#8220;Ara, aqu\u00ed les escoles per l&#8217;alimentaci\u00f3 sostenible&#8221;<\/i>\u00a0comissionada per Gemma Carb\u00f3 i Juli Palou que recull la veu i el comprom\u00eds dels infants i adolescents en relaci\u00f3 amb el sistema alimentari, un abecedari visual creat per les escoles de Barcelona i una oportunitat per pensar qu\u00e8 podem fer per garantir una alimentaci\u00f3 bona per les persones, pels territoris i pel planeta.<\/p>\n<p>Reservar data i hora mitjan\u00e7ant\u00a0 <a title=\"https:\/\/www.eventbrite.es\/e\/entradas-exposicio-araaqui-les-escoles-per-lalimentacio-sostenible-219894188437\" href=\"https:\/\/www.eventbrite.es\/e\/entradas-exposicio-araaqui-les-escoles-per-lalimentacio-sostenible-219894188437\" target=\"_blank\" rel=\"noopener\" data-saferedirecturl=\"https:\/\/www.google.com\/url?q=https:\/\/www.eventbrite.es\/e\/entradas-exposicio-araaqui-les-escoles-per-lalimentacio-sostenible-219894188437&amp;source=gmail&amp;ust=1639822940045000&amp;usg=AOvVaw0NYSwQShY9k-WkkjjqIhSv\">Eventbrite<\/a><\/p>\n","protected":false},"excerpt":{"rendered":"<p>Exposici\u00f3&hellip;  <a href=\"https:\/\/projectes.xtec.cat\/barcelona-apren-ciencia\/portada\/ara-aqui-les-escoles-2\/\" title=\"Read Ara, aqu\u00ed les escoles\">Llegeix m\u00e9s\u00bb<\/a><\/p>\n","protected":false},"author":117,"featured_media":9886,"comment_status":"open","ping_status":"closed","sticky":false,"template":"","format":"standard","meta":{"_bbp_topic_count":0,"_bbp_reply_count":0,"_bbp_total_topic_count":0,"_bbp_total_reply_count":0,"_bbp_voice_count":0,"_bbp_anonymous_reply_count":0,"_bbp_topic_count_hidden":0,"_bbp_reply_count_hidden":0,"_bbp_forum_subforum_count":0,"footnotes":""},"categories":[29],"tags":[],"class_list":["post-9885","post","type-post","status-publish","format-standard","has-post-thumbnail","hentry","category-portada"],"post_mailing_queue_ids":[],"_links":{"self":[{"href":"https:\/\/projectes.xtec.cat\/barcelona-apren-ciencia\/wp-json\/wp\/v2\/posts\/9885","targetHints":{"allow":["GET"]}}],"collection":[{"href":"https:\/\/projectes.xtec.cat\/barcelona-apren-ciencia\/wp-json\/wp\/v2\/posts"}],"about":[{"href":"https:\/\/projectes.xtec.cat\/barcelona-apren-ciencia\/wp-json\/wp\/v2\/types\/post"}],"author":[{"embeddable":true,"href":"https:\/\/projectes.xtec.cat\/barcelona-apren-ciencia\/wp-json\/wp\/v2\/users\/117"}],"replies":[{"embeddable":true,"href":"https:\/\/projectes.xtec.cat\/barcelona-apren-ciencia\/wp-json\/wp\/v2\/comments?post=9885"}],"version-history":[{"count":2,"href":"https:\/\/projectes.xtec.cat\/barcelona-apren-ciencia\/wp-json\/wp\/v2\/posts\/9885\/revisions"}],"predecessor-version":[{"id":9888,"href":"https:\/\/projectes.xtec.cat\/barcelona-apren-ciencia\/wp-json\/wp\/v2\/posts\/9885\/revisions\/9888"}],"wp:featuredmedia":[{"embeddable":true,"href":"https:\/\/projectes.xtec.cat\/barcelona-apren-ciencia\/wp-json\/wp\/v2\/media\/9886"}],"wp:attachment":[{"href":"https:\/\/projectes.xtec.cat\/barcelona-apren-ciencia\/wp-json\/wp\/v2\/media?parent=9885"}],"wp:term":[{"taxonomy":"category","embeddable":true,"href":"https:\/\/projectes.xtec.cat\/barcelona-apren-ciencia\/wp-json\/wp\/v2\/categories?post=9885"},{"taxonomy":"post_tag","embeddable":true,"href":"https:\/\/projectes.xtec.cat\/barcelona-apren-ciencia\/wp-json\/wp\/v2\/tags?post=9885"}],"curies":[{"name":"wp","href":"https:\/\/api.w.org\/{rel}","templated":true}]}}