{"id":10056,"date":"2021-10-27T17:43:18","date_gmt":"2021-10-27T15:43:18","guid":{"rendered":"https:\/\/projectes.xtec.cat\/bescat\/?p=10056"},"modified":"2021-10-27T17:43:18","modified_gmt":"2021-10-27T15:43:18","slug":"festival-de-literatura-fantastica-de-barcelona","status":"publish","type":"post","link":"https:\/\/projectes.xtec.cat\/bescat\/general\/festival-de-literatura-fantastica-de-barcelona\/","title":{"rendered":"Festival de literatura fant\u00e0stica de Barcelona"},"content":{"rendered":"<p>Del dia 3 al 7 de novembre Barcelona presenta el primer festival de g\u00e8neres fant\u00e0stics de Barcelona.<\/p>\n<p>Podeu llegir la informaci\u00f3 <a href=\"https:\/\/www.barcelona.cat\/festival42\/ca\/festival\/presentacio\">aqu\u00ed<\/a>.<\/p>\n","protected":false},"excerpt":{"rendered":"<p>Del dia 3 al 7 de novembre Barcelona presenta el primer festival de g\u00e8neres fant\u00e0stics de Barcelona.<br \/>\nPodeu llegir la informaci\u00f3 <a href=\"https:\/\/www.barcelona.cat\/festival42\/ca\/festival\/presentacio\">aqu\u00ed<\/a>.<\/p>\n","protected":false},"author":133,"featured_media":10058,"comment_status":"open","ping_status":"closed","sticky":false,"template":"","format":"standard","meta":{"_bbp_topic_count":0,"_bbp_reply_count":0,"_bbp_total_topic_count":0,"_bbp_total_reply_count":0,"_bbp_voice_count":0,"_bbp_anonymous_reply_count":0,"_bbp_topic_count_hidden":0,"_bbp_reply_count_hidden":0,"_bbp_forum_subforum_count":0,"footnotes":""},"categories":[1,379,29],"tags":[421,401],"class_list":["post-10056","post","type-post","status-publish","format-standard","has-post-thumbnail","hentry","category-general","category-noticies","category-portada","tag-lectura","tag-llibres"],"post_mailing_queue_ids":[],"_links":{"self":[{"href":"https:\/\/projectes.xtec.cat\/bescat\/wp-json\/wp\/v2\/posts\/10056","targetHints":{"allow":["GET"]}}],"collection":[{"href":"https:\/\/projectes.xtec.cat\/bescat\/wp-json\/wp\/v2\/posts"}],"about":[{"href":"https:\/\/projectes.xtec.cat\/bescat\/wp-json\/wp\/v2\/types\/post"}],"author":[{"embeddable":true,"href":"https:\/\/projectes.xtec.cat\/bescat\/wp-json\/wp\/v2\/users\/133"}],"replies":[{"embeddable":true,"href":"https:\/\/projectes.xtec.cat\/bescat\/wp-json\/wp\/v2\/comments?post=10056"}],"version-history":[{"count":1,"href":"https:\/\/projectes.xtec.cat\/bescat\/wp-json\/wp\/v2\/posts\/10056\/revisions"}],"predecessor-version":[{"id":10057,"href":"https:\/\/projectes.xtec.cat\/bescat\/wp-json\/wp\/v2\/posts\/10056\/revisions\/10057"}],"wp:featuredmedia":[{"embeddable":true,"href":"https:\/\/projectes.xtec.cat\/bescat\/wp-json\/wp\/v2\/media\/10058"}],"wp:attachment":[{"href":"https:\/\/projectes.xtec.cat\/bescat\/wp-json\/wp\/v2\/media?parent=10056"}],"wp:term":[{"taxonomy":"category","embeddable":true,"href":"https:\/\/projectes.xtec.cat\/bescat\/wp-json\/wp\/v2\/categories?post=10056"},{"taxonomy":"post_tag","embeddable":true,"href":"https:\/\/projectes.xtec.cat\/bescat\/wp-json\/wp\/v2\/tags?post=10056"}],"curies":[{"name":"wp","href":"https:\/\/api.w.org\/{rel}","templated":true}]}}