{"id":10072,"date":"2021-11-02T13:13:05","date_gmt":"2021-11-02T12:13:05","guid":{"rendered":"https:\/\/projectes.xtec.cat\/bescat\/?p=10072"},"modified":"2021-11-02T13:13:05","modified_gmt":"2021-11-02T12:13:05","slug":"reiniciat-per-una-biblioteca-escolar-activa-2","status":"publish","type":"post","link":"https:\/\/projectes.xtec.cat\/bescat\/portada\/reiniciat-per-una-biblioteca-escolar-activa-2\/","title":{"rendered":"Reinicia\u2019t! Per una biblioteca escolar activa"},"content":{"rendered":"<p><span style=\"font-family: inherit; font-size: 1em;\">\u00c9s hora de reiniciar-se. Perqu\u00e8 t<\/span><span class=\"PSPDFKit-w7rqbp7kaayruuc2w2d82mnwt PSPDFKit-7k7d4xadra5k1cmmcfkn24pk1x PSPDFKit-3v11d2tz6bvequc9659bmkhypv PSPDFKit-Text\" style=\"font-family: inherit; font-size: 1em;\"><span class=\"PSPDFKit-6um8mrhfmv4j3nvtw9x41bv9fb\" data-textline-id=\"2\" data-page-index=\"0\">ot i que la situaci\u00f3 de pand\u00e8mia encara no ha acabat, que no podem abaixar la gu\u00e0rdia i\u00a0<\/span><\/span><span class=\"PSPDFKit-w7rqbp7kaayruuc2w2d82mnwt PSPDFKit-7k7d4xadra5k1cmmcfkn24pk1x PSPDFKit-3v11d2tz6bvequc9659bmkhypv PSPDFKit-Text\" style=\"font-family: inherit; font-size: 1em;\"><span class=\"PSPDFKit-6um8mrhfmv4j3nvtw9x41bv9fb\" data-textline-id=\"3\" data-page-index=\"0\">que potser hi haur\u00e0 moments en qu\u00e8 s\u2019hagin d\u2019aplicar mesures m\u00e9s restrictives, les biblioteques escolars s&#8217;han engegat, s&#8217;han repensat, s&#8217;han reinventat i ho hem comen\u00e7at a veure en les imatges que ens vau compartir per celebrar el dia de les biblioteques.<\/span><\/span><\/p>\n<p>Anem a visibilitzar tot el que s&#8217;est\u00e0 fent.<\/p>\n<p><span class=\"PSPDFKit-w7rqbp7kaayruuc2w2d82mnwt PSPDFKit-7k7d4xadra5k1cmmcfkn24pk1x PSPDFKit-3v11d2tz6bvequc9659bmkhypv PSPDFKit-Text\"><span class=\"PSPDFKit-6um8mrhfmv4j3nvtw9x41bv9fb\" data-textline-id=\"7\" data-page-index=\"0\">Heu creat una nova formaci\u00f3 d\u2019usuaris? Heu repensat el funcionament de la dimensi\u00f3\u00a0<\/span><\/span><span class=\"PSPDFKit-w7rqbp7kaayruuc2w2d82mnwt PSPDFKit-7k7d4xadra5k1cmmcfkn24pk1x PSPDFKit-3v11d2tz6bvequc9659bmkhypv PSPDFKit-Text\"><span class=\"PSPDFKit-6um8mrhfmv4j3nvtw9x41bv9fb\" data-textline-id=\"8\" data-page-index=\"0\">digital de la biblioteca? Heu establert una xarxa de biblioteques d\u2019aula que funcionen de\u00a0<\/span><\/span><span class=\"PSPDFKit-w7rqbp7kaayruuc2w2d82mnwt PSPDFKit-7k7d4xadra5k1cmmcfkn24pk1x PSPDFKit-3v11d2tz6bvequc9659bmkhypv PSPDFKit-Text\"><span class=\"PSPDFKit-6um8mrhfmv4j3nvtw9x41bv9fb\" data-textline-id=\"9\" data-page-index=\"0\">forma coordinada amb la biblioteca del centre?\u2026<\/span><\/span><\/p>\n<p>Volem con\u00e8ixer la vostra experi\u00e8ncia i ajudar-vos en el reinici: comen\u00e7a Reinicia\u2019t! Per una biblioteca escolar activa. Feu-nos arribar el <a href=\"https:\/\/docs.google.com\/forms\/d\/e\/1FAIpQLSehdGnnLj1eqaEEyPdHWomu3wcS6W1espsVQ034MTFFW_-57w\/viewform\">formulari<\/a> i ho compartirem per crear xarxa, perqu\u00e8 entre tots anem endavant, agafem noves idees, les compartim, les ampliem, les modifiquem. Un cop publicat el que ens envieu us farem arribar aquest distintiu:<\/p>\n<p><a href=\"https:\/\/projectes.xtec.cat\/bescat\/wp-content\/uploads\/usu793\/2021\/06\/aconsegueix-reinicia.jpg\"><img loading=\"lazy\" decoding=\"async\" class=\"alignnone  wp-image-9798\" src=\"https:\/\/projectes.xtec.cat\/bescat\/wp-content\/uploads\/usu793\/2021\/06\/aconsegueix-reinicia-300x300.jpg\" alt=\"\" width=\"142\" height=\"142\" srcset=\"https:\/\/projectes.xtec.cat\/bescat\/wp-content\/uploads\/usu793\/2021\/06\/aconsegueix-reinicia-300x300.jpg 300w, https:\/\/projectes.xtec.cat\/bescat\/wp-content\/uploads\/usu793\/2021\/06\/aconsegueix-reinicia-150x150.jpg 150w, https:\/\/projectes.xtec.cat\/bescat\/wp-content\/uploads\/usu793\/2021\/06\/aconsegueix-reinicia-768x768.jpg 768w, https:\/\/projectes.xtec.cat\/bescat\/wp-content\/uploads\/usu793\/2021\/06\/aconsegueix-reinicia-1024x1024.jpg 1024w, https:\/\/projectes.xtec.cat\/bescat\/wp-content\/uploads\/usu793\/2021\/06\/aconsegueix-reinicia.jpg 1080w\" sizes=\"auto, (max-width: 142px) 100vw, 142px\" \/><\/a><\/p>\n<p><a href=\"https:\/\/projectes.xtec.cat\/bescat\/general\/reiniciat-per-una-biblioteca-escolar-activa\/\">Reinicia&#8217;t! Per una biblioteca activa<\/a><\/p>\n<p>&nbsp;<\/p>\n","protected":false},"excerpt":{"rendered":"<p>\u00c9s hora de reiniciar-se. Perqu\u00e8 tot i que la situaci\u00f3 de pand\u00e8mia encara no ha acabat, que no podem abaixar la gu\u00e0rdia i\u00a0que potser hi haur\u00e0 moments en qu\u00e8 s\u2019hagin d\u2019aplicar mesures m\u00e9s restrictives, les biblioteques escolars s&#8217;han engegat, s&#8217;han repensat, s&#8217;han reinventat i ho&hellip;  <a href=\"https:\/\/projectes.xtec.cat\/bescat\/portada\/reiniciat-per-una-biblioteca-escolar-activa-2\/\" title=\"Read Reinicia\u2019t! Per una biblioteca escolar activa\">Llegeix m\u00e9s\u00bb<\/a><\/p>\n","protected":false},"author":133,"featured_media":9798,"comment_status":"open","ping_status":"closed","sticky":false,"template":"","format":"standard","meta":{"_bbp_topic_count":0,"_bbp_reply_count":0,"_bbp_total_topic_count":0,"_bbp_total_reply_count":0,"_bbp_voice_count":0,"_bbp_anonymous_reply_count":0,"_bbp_topic_count_hidden":0,"_bbp_reply_count_hidden":0,"_bbp_forum_subforum_count":0,"footnotes":""},"categories":[379,29],"tags":[376,443],"class_list":["post-10072","post","type-post","status-publish","format-standard","has-post-thumbnail","hentry","category-noticies","category-portada","tag-biblioteca-escolar","tag-campanya"],"post_mailing_queue_ids":[],"_links":{"self":[{"href":"https:\/\/projectes.xtec.cat\/bescat\/wp-json\/wp\/v2\/posts\/10072","targetHints":{"allow":["GET"]}}],"collection":[{"href":"https:\/\/projectes.xtec.cat\/bescat\/wp-json\/wp\/v2\/posts"}],"about":[{"href":"https:\/\/projectes.xtec.cat\/bescat\/wp-json\/wp\/v2\/types\/post"}],"author":[{"embeddable":true,"href":"https:\/\/projectes.xtec.cat\/bescat\/wp-json\/wp\/v2\/users\/133"}],"replies":[{"embeddable":true,"href":"https:\/\/projectes.xtec.cat\/bescat\/wp-json\/wp\/v2\/comments?post=10072"}],"version-history":[{"count":1,"href":"https:\/\/projectes.xtec.cat\/bescat\/wp-json\/wp\/v2\/posts\/10072\/revisions"}],"predecessor-version":[{"id":10073,"href":"https:\/\/projectes.xtec.cat\/bescat\/wp-json\/wp\/v2\/posts\/10072\/revisions\/10073"}],"wp:featuredmedia":[{"embeddable":true,"href":"https:\/\/projectes.xtec.cat\/bescat\/wp-json\/wp\/v2\/media\/9798"}],"wp:attachment":[{"href":"https:\/\/projectes.xtec.cat\/bescat\/wp-json\/wp\/v2\/media?parent=10072"}],"wp:term":[{"taxonomy":"category","embeddable":true,"href":"https:\/\/projectes.xtec.cat\/bescat\/wp-json\/wp\/v2\/categories?post=10072"},{"taxonomy":"post_tag","embeddable":true,"href":"https:\/\/projectes.xtec.cat\/bescat\/wp-json\/wp\/v2\/tags?post=10072"}],"curies":[{"name":"wp","href":"https:\/\/api.w.org\/{rel}","templated":true}]}}