{"id":10571,"date":"2022-05-23T08:54:46","date_gmt":"2022-05-23T06:54:46","guid":{"rendered":"https:\/\/projectes.xtec.cat\/bescat\/?p=10571"},"modified":"2022-05-23T11:54:19","modified_gmt":"2022-05-23T09:54:19","slug":"per-sant-jordi-intercanviem-llibres","status":"publish","type":"post","link":"https:\/\/projectes.xtec.cat\/bescat\/general\/per-sant-jordi-intercanviem-llibres\/","title":{"rendered":"Per Sant Jordi&#8230;intercanviem llibres"},"content":{"rendered":"<p><a href=\"https:\/\/projectes.xtec.cat\/bescat\/wp-content\/uploads\/usu793\/2022\/05\/intercanvi.jpg\"><img loading=\"lazy\" decoding=\"async\" class=\" wp-image-10572 alignleft\" src=\"https:\/\/projectes.xtec.cat\/bescat\/wp-content\/uploads\/usu793\/2022\/05\/intercanvi-300x300.jpg\" alt=\"\" width=\"174\" height=\"174\" srcset=\"https:\/\/projectes.xtec.cat\/bescat\/wp-content\/uploads\/usu793\/2022\/05\/intercanvi-300x300.jpg 300w, https:\/\/projectes.xtec.cat\/bescat\/wp-content\/uploads\/usu793\/2022\/05\/intercanvi.jpg 1024w, https:\/\/projectes.xtec.cat\/bescat\/wp-content\/uploads\/usu793\/2022\/05\/intercanvi-150x150.jpg 150w, https:\/\/projectes.xtec.cat\/bescat\/wp-content\/uploads\/usu793\/2022\/05\/intercanvi-768x768.jpg 768w\" sizes=\"auto, (max-width: 174px) 100vw, 174px\" \/><\/a>Centre: <span data-sheets-value=\"{&quot;1&quot;:2,&quot;2&quot;:&quot;Abat Oliba&quot;}\" data-sheets-userformat=\"{&quot;2&quot;:513,&quot;3&quot;:{&quot;1&quot;:0},&quot;12&quot;:0}\">Abat Oliba<\/span><\/p>\n<p><span data-sheets-value=\"{&quot;1&quot;:2,&quot;2&quot;:&quot;L\u00ednia 2: La biblioteca escolar com a agent d'equitat, participaci\u00f3 i cohesi\u00f3 de la comunitat educativa&quot;}\" data-sheets-userformat=\"{&quot;2&quot;:513,&quot;3&quot;:{&quot;1&quot;:0},&quot;12&quot;:0}\">L\u00ednia 2: La biblioteca escolar com a agent d&#8217;equitat, participaci\u00f3 i cohesi\u00f3 de la comunitat educativa<\/span><\/p>\n<p>Etapa: Infantil, <span data-sheets-value=\"{&quot;1&quot;:2,&quot;2&quot;:&quot;Infantil, Prim\u00e0ria&quot;}\" data-sheets-userformat=\"{&quot;2&quot;:513,&quot;3&quot;:{&quot;1&quot;:0},&quot;12&quot;:0}\">Prim\u00e0ria<\/span>.<\/p>\n<p>&nbsp;<\/p>\n<p>Objectius:<\/p>\n<ul>\n<li><span data-sheets-value=\"{&quot;1&quot;:2,&quot;2&quot;:&quot;\\nVetllar perqu\u00e8 tot l'alumnat pugui gaudir i participar d'un intercanvi de llibres.\\nFer de la biblioteca de l'escola un espai viu, que acull una activitat de centre.\\nPromoure la reutilitzaci\u00f3 de llibres.&quot;}\" data-sheets-userformat=\"{&quot;2&quot;:513,&quot;3&quot;:{&quot;1&quot;:0},&quot;12&quot;:0}\">Vetllar perqu\u00e8 tot l&#8217;alumnat pugui gaudir i participar d&#8217;un intercanvi de llibres.<\/span><\/li>\n<li><span data-sheets-value=\"{&quot;1&quot;:2,&quot;2&quot;:&quot;\\nVetllar perqu\u00e8 tot l'alumnat pugui gaudir i participar d'un intercanvi de llibres.\\nFer de la biblioteca de l'escola un espai viu, que acull una activitat de centre.\\nPromoure la reutilitzaci\u00f3 de llibres.&quot;}\" data-sheets-userformat=\"{&quot;2&quot;:513,&quot;3&quot;:{&quot;1&quot;:0},&quot;12&quot;:0}\">Fer de la biblioteca de l&#8217;escola un espai viu, que acull una activitat de centre.<\/span><\/li>\n<li><span data-sheets-value=\"{&quot;1&quot;:2,&quot;2&quot;:&quot;\\nVetllar perqu\u00e8 tot l'alumnat pugui gaudir i participar d'un intercanvi de llibres.\\nFer de la biblioteca de l'escola un espai viu, que acull una activitat de centre.\\nPromoure la reutilitzaci\u00f3 de llibres.&quot;}\" data-sheets-userformat=\"{&quot;2&quot;:513,&quot;3&quot;:{&quot;1&quot;:0},&quot;12&quot;:0}\">Promoure la reutilitzaci\u00f3 de llibres.<\/span><\/li>\n<\/ul>\n<p>Explicaci\u00f3:<\/p>\n<p>Sant Jordi \u00e9s la celebraci\u00f3 que ens apropa al m\u00f3n de la literatura i la cultura. L&#8217;escola Abat Oliba, des de fa uns quants cursos, organitza un intercanvi de llibres entre els infants. Per\u00f2 el repte que es van plantejar va ser el seg\u00fcent: com ho podem fer perqu\u00e8 tothom pugui participar d\u2019aquesta experi\u00e8ncia?<\/p>\n<p>En aquesta experi\u00e8ncia, la biblioteca escolar \u00e9s el marc que acull aquest intercanvi;\u00a0 \u00e9s el lloc ideal per convertir la lectura en un regal que ens fem els uns als altres i \u00e9s el millor decorat per endinsar en el m\u00f3n dels llibres a tothom, sense cap excepci\u00f3.<\/p>\n<p>Podeu trobar l&#8217;article original <a href=\"https:\/\/blocs.xtec.cat\/escolaabatolibacornella\/category\/8-biblioteca\/\" target=\"_blank\" rel=\"noopener\"><span style=\"text-decoration: underline;\">aqu\u00ed<\/span><\/a>.<\/p>\n","protected":false},"excerpt":{"rendered":"<p><a href=\"https:\/\/projectes.xtec.cat\/bescat\/wp-content\/uploads\/usu793\/2022\/05\/intercanvi.jpg\"><\/a>Centre: Abat Oliba<br \/>\nL\u00ednia 2: La biblioteca escolar com a agent d&#8217;equitat, participaci\u00f3 i cohesi\u00f3 de la comunitat educativa<br \/>\nEtapa: Infantil, Prim\u00e0ria.<br \/>\n&nbsp;<br \/>\nObjectius:<\/p>\n<ul>\n<li>Vetllar perqu\u00e8 tot l&#8217;alumnat pugui gaudir i participar d&#8217;un intercanvi de llibres.<\/li>\n<li>Fer de la biblioteca de l&#8217;escola un espai viu, que acull una activitat de&hellip;  <a href=\"https:\/\/projectes.xtec.cat\/bescat\/general\/per-sant-jordi-intercanviem-llibres\/\" title=\"Read Per Sant Jordi&#8230;intercanviem llibres\">Llegeix m\u00e9s\u00bb<\/a><br \/>\n","protected":false},"author":133,"featured_media":10572,"comment_status":"open","ping_status":"closed","sticky":false,"template":"","format":"standard","meta":{"_bbp_topic_count":0,"_bbp_reply_count":0,"_bbp_total_topic_count":0,"_bbp_total_reply_count":0,"_bbp_voice_count":0,"_bbp_anonymous_reply_count":0,"_bbp_topic_count_hidden":0,"_bbp_reply_count_hidden":0,"_bbp_forum_subforum_count":0,"footnotes":""},"categories":[1,287,296,379,29,288],"tags":[],"class_list":["post-10571","post","type-post","status-publish","format-standard","has-post-thumbnail","hentry","category-general","category-infantil","category-l2","category-noticies","category-portada","category-primaria"],"post_mailing_queue_ids":[],"_links":{"self":[{"href":"https:\/\/projectes.xtec.cat\/bescat\/wp-json\/wp\/v2\/posts\/10571","targetHints":{"allow":["GET"]}}],"collection":[{"href":"https:\/\/projectes.xtec.cat\/bescat\/wp-json\/wp\/v2\/posts"}],"about":[{"href":"https:\/\/projectes.xtec.cat\/bescat\/wp-json\/wp\/v2\/types\/post"}],"author":[{"embeddable":true,"href":"https:\/\/projectes.xtec.cat\/bescat\/wp-json\/wp\/v2\/users\/133"}],"replies":[{"embeddable":true,"href":"https:\/\/projectes.xtec.cat\/bescat\/wp-json\/wp\/v2\/comments?post=10571"}],"version-history":[{"count":1,"href":"https:\/\/projectes.xtec.cat\/bescat\/wp-json\/wp\/v2\/posts\/10571\/revisions"}],"predecessor-version":[{"id":10573,"href":"https:\/\/projectes.xtec.cat\/bescat\/wp-json\/wp\/v2\/posts\/10571\/revisions\/10573"}],"wp:featuredmedia":[{"embeddable":true,"href":"https:\/\/projectes.xtec.cat\/bescat\/wp-json\/wp\/v2\/media\/10572"}],"wp:attachment":[{"href":"https:\/\/projectes.xtec.cat\/bescat\/wp-json\/wp\/v2\/media?parent=10571"}],"wp:term":[{"taxonomy":"category","embeddable":true,"href":"https:\/\/projectes.xtec.cat\/bescat\/wp-json\/wp\/v2\/categories?post=10571"},{"taxonomy":"post_tag","embeddable":true,"href":"https:\/\/projectes.xtec.cat\/bescat\/wp-json\/wp\/v2\/tags?post=10571"}],"curies":[{"name":"wp","href":"https:\/\/api.w.org\/{rel}","templated":true}]}}