{"id":10672,"date":"2022-06-10T07:30:30","date_gmt":"2022-06-10T05:30:30","guid":{"rendered":"https:\/\/projectes.xtec.cat\/bescat\/?p=10672"},"modified":"2022-06-09T20:28:34","modified_gmt":"2022-06-09T18:28:34","slug":"lliurament-de-premis-del-xxvii-concurs-el-gust-per-la-lectura","status":"publish","type":"post","link":"https:\/\/projectes.xtec.cat\/bescat\/general\/lliurament-de-premis-del-xxvii-concurs-el-gust-per-la-lectura\/","title":{"rendered":"Lliurament de premis del XXVII Concurs El gust per la lectura"},"content":{"rendered":"<div><span style=\"font-family: trebuchet ms, sans-serif;\"><img loading=\"lazy\" decoding=\"async\" class=\"alignleft wp-image-10674 size-medium\" src=\"https:\/\/projectes.xtec.cat\/bescat\/wp-content\/uploads\/usu793\/2022\/06\/LogoGUSTXXVII-1-300x183.jpg\" alt=\"\" width=\"300\" height=\"183\" srcset=\"https:\/\/projectes.xtec.cat\/bescat\/wp-content\/uploads\/usu793\/2022\/06\/LogoGUSTXXVII-1-300x183.jpg 300w, https:\/\/projectes.xtec.cat\/bescat\/wp-content\/uploads\/usu793\/2022\/06\/LogoGUSTXXVII-1.jpg 766w\" sizes=\"auto, (max-width: 300px) 100vw, 300px\" \/>El proper divendres 17 de juny es far\u00e0 l&#8217;Acte de lliurament de premis del XXVII Concurs El gust per la lectura.<\/span><\/div>\n<div><span style=\"font-family: trebuchet ms, sans-serif;\">10h &#8211; educaci\u00f3<\/span>\u00a0prim\u00e0ria <span style=\"color: #000000;\"><a href=\"https:\/\/youtu.be\/PzY80OQXdxs\" target=\"_blank\" rel=\"noopener\" data-saferedirecturl=\"https:\/\/www.google.com\/url?q=https:\/\/youtu.be\/PzY80OQXdxs&amp;source=gmail&amp;ust=1654849612424000&amp;usg=AOvVaw35ExyFzaBSZgCFi9_IvPak\">\u00a0<b>https:\/\/youtu.be\/PzY80OQXdxs<\/b><\/a><span style=\"font-family: trebuchet ms, sans-serif;\"><br \/>\n<\/span><\/span><\/div>\n<div><span style=\"font-family: trebuchet ms, sans-serif;\">11:30h &#8211; <\/span><span style=\"font-family: trebuchet ms, sans-serif;\">educaci\u00f3\u00a0<\/span>secund\u00e0ria, batxillerat i educaci\u00f3 al llarg de la vida<a href=\"https:\/\/youtu.be\/LksIRJUjliQ\" target=\"_blank\" rel=\"noopener\" data-saferedirecturl=\"https:\/\/www.google.com\/url?q=https:\/\/youtu.be\/LksIRJUjliQ&amp;source=gmail&amp;ust=1654849612424000&amp;usg=AOvVaw2RpldV1tSJmYqbvOVzPe7H\"><span style=\"color: #000000;\">\u00a0<b>https:\/\/youtu.be\/LksIRJUjliQ<\/b><\/span><\/a><\/div>\n<div class=\"gmail_default\"><span style=\"color: #000000;\">\u00a0<\/span><\/div>\n<div class=\"gmail_default\"><span style=\"color: #000000;\">Aqu\u00ed teniu tamb\u00e9 la publicaci\u00f3 al <a href=\"https:\/\/xtec.gencat.cat\/ca\/agenda\/Lliurament-de-premis-del-XXVII-Concurs-El-gust-per-la-lectura\" target=\"_blank\" rel=\"noopener\">calendari xtec.<\/a><\/span><\/div>\n","protected":false},"excerpt":{"rendered":"<p>El proper divendres 17 de juny es far\u00e0 l&#8217;Acte de lliurament de premis del XXVII Concurs El gust per la lectura.<br \/>\n10h &#8211; educaci\u00f3\u00a0prim\u00e0ria <a href=\"https:\/\/youtu.be\/PzY80OQXdxs\" target=\"_blank\" rel=\"noopener\" data-saferedirecturl=\"https:\/\/www.google.com\/url?q=https:\/\/youtu.be\/PzY80OQXdxs&amp;source=gmail&amp;ust=1654849612424000&amp;usg=AOvVaw35ExyFzaBSZgCFi9_IvPak\">\u00a0https:\/\/youtu.be\/PzY80OQXdxs<\/a><\/p>\n<p>11:30h &#8211; educaci\u00f3\u00a0secund\u00e0ria, batxillerat i educaci\u00f3 al llarg de la vida<a href=\"https:\/\/youtu.be\/LksIRJUjliQ\" target=\"_blank\" rel=\"noopener\" data-saferedirecturl=\"https:\/\/www.google.com\/url?q=https:\/\/youtu.be\/LksIRJUjliQ&amp;source=gmail&amp;ust=1654849612424000&amp;usg=AOvVaw2RpldV1tSJmYqbvOVzPe7H\">\u00a0https:\/\/youtu.be\/LksIRJUjliQ<\/a><br \/>\n\u00a0<br \/>\nAqu\u00ed teniu tamb\u00e9 la&hellip;  <a href=\"https:\/\/projectes.xtec.cat\/bescat\/general\/lliurament-de-premis-del-xxvii-concurs-el-gust-per-la-lectura\/\" title=\"Read Lliurament de premis del XXVII Concurs El gust per la lectura\">Llegeix m\u00e9s\u00bb<\/a><\/p>\n","protected":false},"author":133,"featured_media":10674,"comment_status":"open","ping_status":"closed","sticky":false,"template":"","format":"standard","meta":{"_bbp_topic_count":0,"_bbp_reply_count":0,"_bbp_total_topic_count":0,"_bbp_total_reply_count":0,"_bbp_voice_count":0,"_bbp_anonymous_reply_count":0,"_bbp_topic_count_hidden":0,"_bbp_reply_count_hidden":0,"_bbp_forum_subforum_count":0,"footnotes":""},"categories":[290,440,289,1,379,29,288],"tags":[],"class_list":["post-10672","post","type-post","status-publish","format-standard","has-post-thumbnail","hentry","category-batxillerat","category-competencia-literaria","category-eso","category-general","category-noticies","category-portada","category-primaria"],"post_mailing_queue_ids":[],"_links":{"self":[{"href":"https:\/\/projectes.xtec.cat\/bescat\/wp-json\/wp\/v2\/posts\/10672","targetHints":{"allow":["GET"]}}],"collection":[{"href":"https:\/\/projectes.xtec.cat\/bescat\/wp-json\/wp\/v2\/posts"}],"about":[{"href":"https:\/\/projectes.xtec.cat\/bescat\/wp-json\/wp\/v2\/types\/post"}],"author":[{"embeddable":true,"href":"https:\/\/projectes.xtec.cat\/bescat\/wp-json\/wp\/v2\/users\/133"}],"replies":[{"embeddable":true,"href":"https:\/\/projectes.xtec.cat\/bescat\/wp-json\/wp\/v2\/comments?post=10672"}],"version-history":[{"count":3,"href":"https:\/\/projectes.xtec.cat\/bescat\/wp-json\/wp\/v2\/posts\/10672\/revisions"}],"predecessor-version":[{"id":10676,"href":"https:\/\/projectes.xtec.cat\/bescat\/wp-json\/wp\/v2\/posts\/10672\/revisions\/10676"}],"wp:featuredmedia":[{"embeddable":true,"href":"https:\/\/projectes.xtec.cat\/bescat\/wp-json\/wp\/v2\/media\/10674"}],"wp:attachment":[{"href":"https:\/\/projectes.xtec.cat\/bescat\/wp-json\/wp\/v2\/media?parent=10672"}],"wp:term":[{"taxonomy":"category","embeddable":true,"href":"https:\/\/projectes.xtec.cat\/bescat\/wp-json\/wp\/v2\/categories?post=10672"},{"taxonomy":"post_tag","embeddable":true,"href":"https:\/\/projectes.xtec.cat\/bescat\/wp-json\/wp\/v2\/tags?post=10672"}],"curies":[{"name":"wp","href":"https:\/\/api.w.org\/{rel}","templated":true}]}}