{"id":10679,"date":"2022-06-13T09:04:38","date_gmt":"2022-06-13T07:04:38","guid":{"rendered":"https:\/\/projectes.xtec.cat\/bescat\/?p=10679"},"modified":"2022-06-13T09:17:06","modified_gmt":"2022-06-13T07:17:06","slug":"el-comic-un-projecte-interdisciplinar","status":"publish","type":"post","link":"https:\/\/projectes.xtec.cat\/bescat\/general\/el-comic-un-projecte-interdisciplinar\/","title":{"rendered":"El c\u00f2mic: un projecte interdisciplinar"},"content":{"rendered":"<p><a href=\"https:\/\/projectes.xtec.cat\/bescat\/wp-content\/uploads\/usu793\/2022\/06\/El-Sitjar.png\"><img loading=\"lazy\" decoding=\"async\" class=\" wp-image-10680 alignleft\" src=\"https:\/\/projectes.xtec.cat\/bescat\/wp-content\/uploads\/usu793\/2022\/06\/El-Sitjar-300x195.png\" alt=\"\" width=\"255\" height=\"166\" srcset=\"https:\/\/projectes.xtec.cat\/bescat\/wp-content\/uploads\/usu793\/2022\/06\/El-Sitjar-300x195.png 300w, https:\/\/projectes.xtec.cat\/bescat\/wp-content\/uploads\/usu793\/2022\/06\/El-Sitjar.png 701w\" sizes=\"auto, (max-width: 255px) 100vw, 255px\" \/><\/a>Centre: Escola El Sitjar (Linyola)<\/p>\n<p><span data-sheets-value=\"{&quot;1&quot;:2,&quot;2&quot;:&quot;L\u00ednia 2: La biblioteca escolar com a agent d'equitat, participaci\u00f3 i cohesi\u00f3 de la comunitat educativa&quot;}\" data-sheets-userformat=\"{&quot;2&quot;:513,&quot;3&quot;:{&quot;1&quot;:0},&quot;12&quot;:0}\">L\u00ednia 2: La biblioteca escolar com a agent d&#8217;equitat, participaci\u00f3 i cohesi\u00f3 de la comunitat educativa<\/span><\/p>\n<p>Etapa: Infantil i <span data-sheets-value=\"{&quot;1&quot;:2,&quot;2&quot;:&quot;Infantil, Prim\u00e0ria&quot;}\" data-sheets-userformat=\"{&quot;2&quot;:513,&quot;3&quot;:{&quot;1&quot;:0},&quot;12&quot;:0}\">Prim\u00e0ria<\/span><\/p>\n<p>&nbsp;<\/p>\n<p>Objectius:<\/p>\n<ul>\n<li>Treballar el c\u00f2mic de forma interdisciplinar amb el lideratge de la biblioteca escolar.<\/li>\n<li>Crear diferents vinyetes relacionades amb les 31 estrofes de la can\u00e7\u00f3 tradicional\u00a0<em>La pres\u00f3 de Lleida <\/em>fent \u00fas de les noves tecnologies.<\/li>\n<li>Dinamitzar un joc, el Jeroglific\u00f3mic, un jerogl\u00edfic relacionat amb el m\u00f3n del c\u00f2mic que sortir\u00e0 cada 15 dies (un per a P3, P4, P5, 1r i 2n i un per a 3r, 4t, 5\u00e8 i 6\u00e8).<\/li>\n<\/ul>\n<p>Explicaci\u00f3:<\/p>\n<p>Aquest curs l\u2019escola El Sitjar ha treballat el C\u00f2mic com a projecte interdisciplinari de centre. En motiu d\u2019aquest, el passat divendres dia 6 de maig, l\u2019escola va tenir l\u2019oportunitat d\u2019assistir a la XV Jornada Pedag\u00f2gica C\u00f2mic Barcelona per presentar aquest treball tan engrescador que ha perm\u00e8s apropar l\u2019alumnat a aquest tipus de relat.<\/p>\n<p>Per al projecte s&#8217;han dut a terme diferents activitats. Us deixem enlla\u00e7ades algunes d&#8217;aquestes propostes.<\/p>\n<p><a href=\"https:\/\/agora.xtec.cat\/ceipelsitjar\/general\/la-preso-de-lleida\/\" target=\"_blank\" rel=\"noopener\"><em>La pres\u00f3 de Lleida<\/em><\/a><\/p>\n<p><a href=\"https:\/\/agora.xtec.cat\/ceipelsitjar\/infantil\/jeroglificomics\/\" target=\"_blank\" rel=\"noopener\">Jeroglific\u00f2mic<\/a><\/p>\n<p>Podeu trobar l&#8217;article original <a href=\"https:\/\/agora.xtec.cat\/ceipelsitjar\/general\/bones-practiques-al-40e-comic-barcelona\/\" target=\"_blank\" rel=\"noopener\"><span style=\"text-decoration: underline;\">aqu\u00ed<\/span><\/a>.<\/p>\n","protected":false},"excerpt":{"rendered":"<p><a href=\"https:\/\/projectes.xtec.cat\/bescat\/wp-content\/uploads\/usu793\/2022\/06\/El-Sitjar.png\"><\/a>Centre: Escola El Sitjar (Linyola)<br \/>\nL\u00ednia 2: La biblioteca escolar com a agent d&#8217;equitat, participaci\u00f3 i cohesi\u00f3 de la comunitat educativa<br \/>\nEtapa: Infantil i Prim\u00e0ria<br \/>\n&nbsp;<br \/>\nObjectius:<\/p>\n<ul>\n<li>Treballar el c\u00f2mic de forma interdisciplinar amb el lideratge de la biblioteca escolar.<\/li>\n<li>Crear diferents vinyetes relacionades amb les 31 estrofes de la&hellip;  <a href=\"https:\/\/projectes.xtec.cat\/bescat\/general\/el-comic-un-projecte-interdisciplinar\/\" title=\"Read El c\u00f2mic: un projecte interdisciplinar\">Llegeix m\u00e9s\u00bb<\/a><br \/>\n","protected":false},"author":133,"featured_media":10680,"comment_status":"open","ping_status":"closed","sticky":false,"template":"","format":"standard","meta":{"_bbp_topic_count":0,"_bbp_reply_count":0,"_bbp_total_topic_count":0,"_bbp_total_reply_count":0,"_bbp_voice_count":0,"_bbp_anonymous_reply_count":0,"_bbp_topic_count_hidden":0,"_bbp_reply_count_hidden":0,"_bbp_forum_subforum_count":0,"footnotes":""},"categories":[1,287,296,379,29,288],"tags":[],"class_list":["post-10679","post","type-post","status-publish","format-standard","has-post-thumbnail","hentry","category-general","category-infantil","category-l2","category-noticies","category-portada","category-primaria"],"post_mailing_queue_ids":[],"_links":{"self":[{"href":"https:\/\/projectes.xtec.cat\/bescat\/wp-json\/wp\/v2\/posts\/10679","targetHints":{"allow":["GET"]}}],"collection":[{"href":"https:\/\/projectes.xtec.cat\/bescat\/wp-json\/wp\/v2\/posts"}],"about":[{"href":"https:\/\/projectes.xtec.cat\/bescat\/wp-json\/wp\/v2\/types\/post"}],"author":[{"embeddable":true,"href":"https:\/\/projectes.xtec.cat\/bescat\/wp-json\/wp\/v2\/users\/133"}],"replies":[{"embeddable":true,"href":"https:\/\/projectes.xtec.cat\/bescat\/wp-json\/wp\/v2\/comments?post=10679"}],"version-history":[{"count":2,"href":"https:\/\/projectes.xtec.cat\/bescat\/wp-json\/wp\/v2\/posts\/10679\/revisions"}],"predecessor-version":[{"id":10682,"href":"https:\/\/projectes.xtec.cat\/bescat\/wp-json\/wp\/v2\/posts\/10679\/revisions\/10682"}],"wp:featuredmedia":[{"embeddable":true,"href":"https:\/\/projectes.xtec.cat\/bescat\/wp-json\/wp\/v2\/media\/10680"}],"wp:attachment":[{"href":"https:\/\/projectes.xtec.cat\/bescat\/wp-json\/wp\/v2\/media?parent=10679"}],"wp:term":[{"taxonomy":"category","embeddable":true,"href":"https:\/\/projectes.xtec.cat\/bescat\/wp-json\/wp\/v2\/categories?post=10679"},{"taxonomy":"post_tag","embeddable":true,"href":"https:\/\/projectes.xtec.cat\/bescat\/wp-json\/wp\/v2\/tags?post=10679"}],"curies":[{"name":"wp","href":"https:\/\/api.w.org\/{rel}","templated":true}]}}