{"id":10698,"date":"2022-06-16T10:31:50","date_gmt":"2022-06-16T08:31:50","guid":{"rendered":"https:\/\/projectes.xtec.cat\/bescat\/?p=10698"},"modified":"2022-06-16T10:40:16","modified_gmt":"2022-06-16T08:40:16","slug":"maleta-lo-nostre-parlar","status":"publish","type":"post","link":"https:\/\/projectes.xtec.cat\/bescat\/general\/maleta-lo-nostre-parlar\/","title":{"rendered":"Maleta Lo nostre parlar"},"content":{"rendered":"<p><span data-sheets-value=\"{&quot;1&quot;:2,&quot;2&quot;:&quot;Servei Educatiu de la Terra Alta&quot;}\" data-sheets-userformat=\"{&quot;2&quot;:515,&quot;3&quot;:{&quot;1&quot;:0},&quot;4&quot;:{&quot;1&quot;:2,&quot;2&quot;:65535},&quot;12&quot;:0}\"><img loading=\"lazy\" decoding=\"async\" class=\" wp-image-10700 alignleft\" src=\"https:\/\/projectes.xtec.cat\/bescat\/wp-content\/uploads\/usu793\/2022\/06\/lo-nostre-parlar-300x286.jpg\" alt=\"\" width=\"176\" height=\"167\" srcset=\"https:\/\/projectes.xtec.cat\/bescat\/wp-content\/uploads\/usu793\/2022\/06\/lo-nostre-parlar-300x286.jpg 300w, https:\/\/projectes.xtec.cat\/bescat\/wp-content\/uploads\/usu793\/2022\/06\/lo-nostre-parlar.jpg 700w\" sizes=\"auto, (max-width: 176px) 100vw, 176px\" \/>Servei Educatiu de la Terra Alta<\/span><\/p>\n<p><span data-sheets-value=\"{&quot;1&quot;:2,&quot;2&quot;:&quot;L\u00ednia 4: La biblioteca escolar com a laboratori per liderar i promoure un centre lector&quot;}\" data-sheets-userformat=\"{&quot;2&quot;:513,&quot;3&quot;:{&quot;1&quot;:0},&quot;12&quot;:0}\">L\u00ednia 4: La biblioteca escolar com a laboratori per liderar i promoure un centre lector<\/span><\/p>\n<p>Etapa: <span data-sheets-value=\"{&quot;1&quot;:2,&quot;2&quot;:&quot;Infantil, Prim\u00e0ria&quot;}\" data-sheets-userformat=\"{&quot;2&quot;:513,&quot;3&quot;:{&quot;1&quot;:0},&quot;12&quot;:0}\">Infantil, Prim\u00e0ria<\/span><\/p>\n<p>&nbsp;<\/p>\n<p>Objectius:<\/p>\n<ul>\n<li><span data-sheets-value=\"{&quot;1&quot;:2,&quot;2&quot;:&quot;-Donar valor i promoure l'\u00fas de la varietat dialectal occidental pr\u00f2pia de la comarca de la Terra Alta.\\n-Apropar l'alumnat als contes, llegendes i hist\u00f2ries dels autors\/es terraltins i ebrencs.&quot;}\" data-sheets-userformat=\"{&quot;2&quot;:513,&quot;3&quot;:{&quot;1&quot;:0},&quot;12&quot;:0}\">Donar valor i promoure l&#8217;\u00fas de la varietat dialectal occidental pr\u00f2pia de la comarca de la Terra Alta.<\/span><\/li>\n<li><span data-sheets-value=\"{&quot;1&quot;:2,&quot;2&quot;:&quot;-Donar valor i promoure l'\u00fas de la varietat dialectal occidental pr\u00f2pia de la comarca de la Terra Alta.\\n-Apropar l'alumnat als contes, llegendes i hist\u00f2ries dels autors\/es terraltins i ebrencs.&quot;}\" data-sheets-userformat=\"{&quot;2&quot;:513,&quot;3&quot;:{&quot;1&quot;:0},&quot;12&quot;:0}\">Apropar l&#8217;alumnat als contes, llegendes i hist\u00f2ries dels autors\/es terraltins i ebrencs.<\/span><\/li>\n<\/ul>\n<p>Explicaci\u00f3:<\/p>\n<p>Al CRP del Servei Educatiu de la Terra Alta han elaborat una nova maleta pedag\u00f2gica anomenada <em><strong>Lo nostre parlar<\/strong><\/em> amb recursos per treballar la varietat dialectal occidental pr\u00f2pia de les Terres de l\u2019Ebre i concretament de la Terra Alta. La maleta inclou contes, un joc de l\u2019oca, un de memory, fitxes did\u00e0ctiques i un diccionari de paraules, frases fetes, dites, refranys, can\u00e7ons i expressions t\u00edpiques de les Terres de l\u2019Ebre.<\/p>\n<p>Podeu trobar l&#8217;article original <a href=\"https:\/\/serveiseducatius.xtec.cat\/terraalta\/portada\/maleta-pedagogica-lo-nostre-parlar\/\" target=\"_blank\" rel=\"noopener\"><span style=\"text-decoration: underline;\">aqu\u00ed<\/span><\/a>.<\/p>\n","protected":false},"excerpt":{"rendered":"<p>Servei Educatiu de la Terra Alta<br \/>\nL\u00ednia 4: La biblioteca escolar com a laboratori per liderar i promoure un centre lector<br \/>\nEtapa: Infantil, Prim\u00e0ria<br \/>\n&nbsp;<br \/>\nObjectius:<\/p>\n<ul>\n<li>Donar valor i promoure l&#8217;\u00fas de la varietat dialectal occidental pr\u00f2pia de la comarca de la Terra Alta.<\/li>\n<li>Apropar l&#8217;alumnat als contes, llegendes i hist\u00f2ries&hellip;  <a href=\"https:\/\/projectes.xtec.cat\/bescat\/general\/maleta-lo-nostre-parlar\/\" title=\"Read Maleta Lo nostre parlar\">Llegeix m\u00e9s\u00bb<\/a><br \/>\n","protected":false},"author":133,"featured_media":10700,"comment_status":"open","ping_status":"closed","sticky":false,"template":"","format":"standard","meta":{"_bbp_topic_count":0,"_bbp_reply_count":0,"_bbp_total_topic_count":0,"_bbp_total_reply_count":0,"_bbp_voice_count":0,"_bbp_anonymous_reply_count":0,"_bbp_topic_count_hidden":0,"_bbp_reply_count_hidden":0,"_bbp_forum_subforum_count":0,"footnotes":""},"categories":[1,287,298,379,29,288,291],"tags":[],"class_list":["post-10698","post","type-post","status-publish","format-standard","has-post-thumbnail","hentry","category-general","category-infantil","category-l4","category-noticies","category-portada","category-primaria","category-xarxa"],"post_mailing_queue_ids":[],"_links":{"self":[{"href":"https:\/\/projectes.xtec.cat\/bescat\/wp-json\/wp\/v2\/posts\/10698","targetHints":{"allow":["GET"]}}],"collection":[{"href":"https:\/\/projectes.xtec.cat\/bescat\/wp-json\/wp\/v2\/posts"}],"about":[{"href":"https:\/\/projectes.xtec.cat\/bescat\/wp-json\/wp\/v2\/types\/post"}],"author":[{"embeddable":true,"href":"https:\/\/projectes.xtec.cat\/bescat\/wp-json\/wp\/v2\/users\/133"}],"replies":[{"embeddable":true,"href":"https:\/\/projectes.xtec.cat\/bescat\/wp-json\/wp\/v2\/comments?post=10698"}],"version-history":[{"count":3,"href":"https:\/\/projectes.xtec.cat\/bescat\/wp-json\/wp\/v2\/posts\/10698\/revisions"}],"predecessor-version":[{"id":10703,"href":"https:\/\/projectes.xtec.cat\/bescat\/wp-json\/wp\/v2\/posts\/10698\/revisions\/10703"}],"wp:featuredmedia":[{"embeddable":true,"href":"https:\/\/projectes.xtec.cat\/bescat\/wp-json\/wp\/v2\/media\/10700"}],"wp:attachment":[{"href":"https:\/\/projectes.xtec.cat\/bescat\/wp-json\/wp\/v2\/media?parent=10698"}],"wp:term":[{"taxonomy":"category","embeddable":true,"href":"https:\/\/projectes.xtec.cat\/bescat\/wp-json\/wp\/v2\/categories?post=10698"},{"taxonomy":"post_tag","embeddable":true,"href":"https:\/\/projectes.xtec.cat\/bescat\/wp-json\/wp\/v2\/tags?post=10698"}],"curies":[{"name":"wp","href":"https:\/\/api.w.org\/{rel}","templated":true}]}}