{"id":11016,"date":"2022-10-19T12:09:33","date_gmt":"2022-10-19T10:09:33","guid":{"rendered":"https:\/\/projectes.xtec.cat\/bescat\/?p=11016"},"modified":"2023-04-05T10:28:06","modified_gmt":"2023-04-05T08:28:06","slug":"job-shadowing-at-vienna-international-school","status":"publish","type":"post","link":"https:\/\/projectes.xtec.cat\/bescat\/general\/job-shadowing-at-vienna-international-school\/","title":{"rendered":"Job shadowing at Vienna International School"},"content":{"rendered":"<p><img loading=\"lazy\" decoding=\"async\" class=\"size-medium wp-image-11018 alignleft\" src=\"https:\/\/projectes.xtec.cat\/bescat\/wp-content\/uploads\/usu793\/2022\/10\/Diari-Laura-Balat-293x300.png\" alt=\"\" width=\"293\" height=\"300\" srcset=\"https:\/\/projectes.xtec.cat\/bescat\/wp-content\/uploads\/usu793\/2022\/10\/Diari-Laura-Balat-293x300.png 293w, https:\/\/projectes.xtec.cat\/bescat\/wp-content\/uploads\/usu793\/2022\/10\/Diari-Laura-Balat-768x785.png 768w, https:\/\/projectes.xtec.cat\/bescat\/wp-content\/uploads\/usu793\/2022\/10\/Diari-Laura-Balat.png 799w\" sizes=\"auto, (max-width: 293px) 100vw, 293px\" \/>Us compartim el <strong><a href=\"https:\/\/view.genial.ly\/62924eb23a832e00117a0d14\/guide-job-shadowing-vis\" target=\"_blank\" rel=\"noopener\">Diari de la mobilitat<\/a><\/strong> de la docent Laura Balat del <em>Job shadowing<\/em> que es va fer a Viena (30\/05\/2022-03\/06\/2022).<\/p>\n<p>El\u00a0<em>Job shadowing<\/em>\u00a0es basa en l\u2019aprenentatge entre iguals i consisteix a fer visites a centres internacionals on poder observar experi\u00e8ncies que ens ajudin a millorar la nostra organitzaci\u00f3 i pr\u00e0ctica docent.<\/p>\n<p>Centre escolar: Vienna International School<\/p>\n<p>Centres que van fer aquesta mobilitat: Escola Annexa Joan Puigbert i Escola Wagner<\/p>\n","protected":false},"excerpt":{"rendered":"<p>Us compartim el <a href=\"https:\/\/view.genial.ly\/62924eb23a832e00117a0d14\/guide-job-shadowing-vis\" target=\"_blank\" rel=\"noopener\">Diari de la mobilitat<\/a> de la docent Laura Balat del Job shadowing que es va fer a Viena (30\/05\/2022-03\/06\/2022).<br \/>\nEl\u00a0Job shadowing\u00a0es basa en l\u2019aprenentatge entre iguals i consisteix a fer visites a centres internacionals on poder observar experi\u00e8ncies que ens&hellip;  <a href=\"https:\/\/projectes.xtec.cat\/bescat\/general\/job-shadowing-at-vienna-international-school\/\" title=\"Read Job shadowing at Vienna International School\">Llegeix m\u00e9s\u00bb<\/a><\/p>\n","protected":false},"author":133,"featured_media":11018,"comment_status":"open","ping_status":"closed","sticky":false,"template":"","format":"standard","meta":{"_bbp_topic_count":0,"_bbp_reply_count":0,"_bbp_total_topic_count":0,"_bbp_total_reply_count":0,"_bbp_voice_count":0,"_bbp_anonymous_reply_count":0,"_bbp_topic_count_hidden":0,"_bbp_reply_count_hidden":0,"_bbp_forum_subforum_count":0,"footnotes":""},"categories":[450,1,379,451,29,479],"tags":[454,453,455],"class_list":["post-11016","post","type-post","status-publish","format-standard","has-post-thumbnail","hentry","category-erasmuspuntedu","category-general","category-noticies","category-noticies-erasmus","category-portada","category-projecte-21","tag-cete","tag-erasmus","tag-mcpuntedu"],"post_mailing_queue_ids":[],"_links":{"self":[{"href":"https:\/\/projectes.xtec.cat\/bescat\/wp-json\/wp\/v2\/posts\/11016","targetHints":{"allow":["GET"]}}],"collection":[{"href":"https:\/\/projectes.xtec.cat\/bescat\/wp-json\/wp\/v2\/posts"}],"about":[{"href":"https:\/\/projectes.xtec.cat\/bescat\/wp-json\/wp\/v2\/types\/post"}],"author":[{"embeddable":true,"href":"https:\/\/projectes.xtec.cat\/bescat\/wp-json\/wp\/v2\/users\/133"}],"replies":[{"embeddable":true,"href":"https:\/\/projectes.xtec.cat\/bescat\/wp-json\/wp\/v2\/comments?post=11016"}],"version-history":[{"count":2,"href":"https:\/\/projectes.xtec.cat\/bescat\/wp-json\/wp\/v2\/posts\/11016\/revisions"}],"predecessor-version":[{"id":11019,"href":"https:\/\/projectes.xtec.cat\/bescat\/wp-json\/wp\/v2\/posts\/11016\/revisions\/11019"}],"wp:featuredmedia":[{"embeddable":true,"href":"https:\/\/projectes.xtec.cat\/bescat\/wp-json\/wp\/v2\/media\/11018"}],"wp:attachment":[{"href":"https:\/\/projectes.xtec.cat\/bescat\/wp-json\/wp\/v2\/media?parent=11016"}],"wp:term":[{"taxonomy":"category","embeddable":true,"href":"https:\/\/projectes.xtec.cat\/bescat\/wp-json\/wp\/v2\/categories?post=11016"},{"taxonomy":"post_tag","embeddable":true,"href":"https:\/\/projectes.xtec.cat\/bescat\/wp-json\/wp\/v2\/tags?post=11016"}],"curies":[{"name":"wp","href":"https:\/\/api.w.org\/{rel}","templated":true}]}}