{"id":11225,"date":"2022-11-18T11:42:47","date_gmt":"2022-11-18T10:42:47","guid":{"rendered":"https:\/\/projectes.xtec.cat\/bescat\/?p=11225"},"modified":"2022-11-18T11:42:47","modified_gmt":"2022-11-18T10:42:47","slug":"la-biblioteca-escolar-com-a-eina-de-suport-per-al-desenvolupament-del-curriculum","status":"publish","type":"post","link":"https:\/\/projectes.xtec.cat\/bescat\/general\/la-biblioteca-escolar-com-a-eina-de-suport-per-al-desenvolupament-del-curriculum\/","title":{"rendered":"La biblioteca escolar com a eina de suport per al desenvolupament del curr\u00edculum"},"content":{"rendered":"<p><img loading=\"lazy\" decoding=\"async\" class=\"size-medium wp-image-11226 alignleft\" src=\"https:\/\/projectes.xtec.cat\/bescat\/wp-content\/uploads\/usu793\/2022\/11\/image-3-300x171.png\" alt=\"\" width=\"300\" height=\"171\" srcset=\"https:\/\/projectes.xtec.cat\/bescat\/wp-content\/uploads\/usu793\/2022\/11\/image-3-300x171.png 300w, https:\/\/projectes.xtec.cat\/bescat\/wp-content\/uploads\/usu793\/2022\/11\/image-3-768x438.png 768w, https:\/\/projectes.xtec.cat\/bescat\/wp-content\/uploads\/usu793\/2022\/11\/image-3.png 893w\" sizes=\"auto, (max-width: 300px) 100vw, 300px\" \/>Ahir,17 de novembre, la coordinadora del programa de biblioteca escolar, M\u00f2nica Badia, va participar en una de les sessions del Seminari del CRP de la Segarra.<\/p>\n<p>La col\u00b7laboraci\u00f3 en aquesta sessi\u00f3 va consistir en una confer\u00e8ncia sobre <strong>La biblioteca escolar com a eina de suport per al desenvolupament del curr\u00edculum.<\/strong><\/p>\n","protected":false},"excerpt":{"rendered":"<p>Ahir,17 de novembre, la coordinadora del programa de biblioteca escolar, M\u00f2nica Badia, va participar en una de les sessions del Seminari del CRP de la Segarra.<br \/>\nLa col\u00b7laboraci\u00f3 en aquesta sessi\u00f3 va consistir en una confer\u00e8ncia sobre La biblioteca escolar com a eina de suport per&hellip;  <a href=\"https:\/\/projectes.xtec.cat\/bescat\/general\/la-biblioteca-escolar-com-a-eina-de-suport-per-al-desenvolupament-del-curriculum\/\" title=\"Read La biblioteca escolar com a eina de suport per al desenvolupament del curr\u00edculum\">Llegeix m\u00e9s\u00bb<\/a><\/p>\n","protected":false},"author":133,"featured_media":11226,"comment_status":"open","ping_status":"closed","sticky":false,"template":"","format":"standard","meta":{"_bbp_topic_count":0,"_bbp_reply_count":0,"_bbp_total_topic_count":0,"_bbp_total_reply_count":0,"_bbp_voice_count":0,"_bbp_anonymous_reply_count":0,"_bbp_topic_count_hidden":0,"_bbp_reply_count_hidden":0,"_bbp_forum_subforum_count":0,"footnotes":""},"categories":[1,379,29],"tags":[473],"class_list":["post-11225","post","type-post","status-publish","format-standard","has-post-thumbnail","hentry","category-general","category-noticies","category-portada","tag-curriculum"],"post_mailing_queue_ids":[],"_links":{"self":[{"href":"https:\/\/projectes.xtec.cat\/bescat\/wp-json\/wp\/v2\/posts\/11225","targetHints":{"allow":["GET"]}}],"collection":[{"href":"https:\/\/projectes.xtec.cat\/bescat\/wp-json\/wp\/v2\/posts"}],"about":[{"href":"https:\/\/projectes.xtec.cat\/bescat\/wp-json\/wp\/v2\/types\/post"}],"author":[{"embeddable":true,"href":"https:\/\/projectes.xtec.cat\/bescat\/wp-json\/wp\/v2\/users\/133"}],"replies":[{"embeddable":true,"href":"https:\/\/projectes.xtec.cat\/bescat\/wp-json\/wp\/v2\/comments?post=11225"}],"version-history":[{"count":3,"href":"https:\/\/projectes.xtec.cat\/bescat\/wp-json\/wp\/v2\/posts\/11225\/revisions"}],"predecessor-version":[{"id":11230,"href":"https:\/\/projectes.xtec.cat\/bescat\/wp-json\/wp\/v2\/posts\/11225\/revisions\/11230"}],"wp:featuredmedia":[{"embeddable":true,"href":"https:\/\/projectes.xtec.cat\/bescat\/wp-json\/wp\/v2\/media\/11226"}],"wp:attachment":[{"href":"https:\/\/projectes.xtec.cat\/bescat\/wp-json\/wp\/v2\/media?parent=11225"}],"wp:term":[{"taxonomy":"category","embeddable":true,"href":"https:\/\/projectes.xtec.cat\/bescat\/wp-json\/wp\/v2\/categories?post=11225"},{"taxonomy":"post_tag","embeddable":true,"href":"https:\/\/projectes.xtec.cat\/bescat\/wp-json\/wp\/v2\/tags?post=11225"}],"curies":[{"name":"wp","href":"https:\/\/api.w.org\/{rel}","templated":true}]}}