{"id":11651,"date":"2023-02-24T10:51:57","date_gmt":"2023-02-24T09:51:57","guid":{"rendered":"https:\/\/projectes.xtec.cat\/bescat\/?p=11651"},"modified":"2023-02-24T10:51:57","modified_gmt":"2023-02-24T09:51:57","slug":"sessio-de-biblioteques-escolars-del-baix-ebre-i-ribera-debre","status":"publish","type":"post","link":"https:\/\/projectes.xtec.cat\/bescat\/general\/sessio-de-biblioteques-escolars-del-baix-ebre-i-ribera-debre\/","title":{"rendered":"Sessi\u00f3 de biblioteques escolars del Baix Ebre i Ribera d&#8217;Ebre"},"content":{"rendered":"<p><img loading=\"lazy\" decoding=\"async\" class=\" wp-image-11654 alignleft\" src=\"https:\/\/projectes.xtec.cat\/bescat\/wp-content\/uploads\/usu793\/2023\/02\/Seminari-Terres-Ebre-300x168.png\" alt=\"\" width=\"207\" height=\"116\" srcset=\"https:\/\/projectes.xtec.cat\/bescat\/wp-content\/uploads\/usu793\/2023\/02\/Seminari-Terres-Ebre-300x168.png 300w, https:\/\/projectes.xtec.cat\/bescat\/wp-content\/uploads\/usu793\/2023\/02\/Seminari-Terres-Ebre-1024x575.png 1024w, https:\/\/projectes.xtec.cat\/bescat\/wp-content\/uploads\/usu793\/2023\/02\/Seminari-Terres-Ebre-768x431.png 768w, https:\/\/projectes.xtec.cat\/bescat\/wp-content\/uploads\/usu793\/2023\/02\/Seminari-Terres-Ebre.png 1194w\" sizes=\"auto, (max-width: 207px) 100vw, 207px\" \/>Els Seminaris de biblioteques escolars del Baix Ebre i Ribera d&#8217;Ebre va programar una sessi\u00f3 amb la col\u00b7laboraci\u00f3 de la coordinadora del programa biblioteca escolar, M\u00f2nica Badia, que va compartir &#8220;La biblioteca escolar com a eina de suport per al desenvolupament del curr\u00edculum&#8221;.<\/p>\n","protected":false},"excerpt":{"rendered":"<p>Els Seminaris de biblioteques escolars del Baix Ebre i Ribera d&#8217;Ebre va programar una sessi\u00f3 amb la col\u00b7laboraci\u00f3 de la coordinadora del programa biblioteca escolar, M\u00f2nica Badia, que va compartir &#8220;La biblioteca escolar com a eina de suport per al desenvolupament del curr\u00edculum&#8221;.<\/p>\n","protected":false},"author":133,"featured_media":11654,"comment_status":"open","ping_status":"closed","sticky":false,"template":"","format":"standard","meta":{"_bbp_topic_count":0,"_bbp_reply_count":0,"_bbp_total_topic_count":0,"_bbp_total_reply_count":0,"_bbp_voice_count":0,"_bbp_anonymous_reply_count":0,"_bbp_topic_count_hidden":0,"_bbp_reply_count_hidden":0,"_bbp_forum_subforum_count":0,"footnotes":""},"categories":[1,379,29],"tags":[],"class_list":["post-11651","post","type-post","status-publish","format-standard","has-post-thumbnail","hentry","category-general","category-noticies","category-portada"],"post_mailing_queue_ids":[],"_links":{"self":[{"href":"https:\/\/projectes.xtec.cat\/bescat\/wp-json\/wp\/v2\/posts\/11651","targetHints":{"allow":["GET"]}}],"collection":[{"href":"https:\/\/projectes.xtec.cat\/bescat\/wp-json\/wp\/v2\/posts"}],"about":[{"href":"https:\/\/projectes.xtec.cat\/bescat\/wp-json\/wp\/v2\/types\/post"}],"author":[{"embeddable":true,"href":"https:\/\/projectes.xtec.cat\/bescat\/wp-json\/wp\/v2\/users\/133"}],"replies":[{"embeddable":true,"href":"https:\/\/projectes.xtec.cat\/bescat\/wp-json\/wp\/v2\/comments?post=11651"}],"version-history":[{"count":3,"href":"https:\/\/projectes.xtec.cat\/bescat\/wp-json\/wp\/v2\/posts\/11651\/revisions"}],"predecessor-version":[{"id":11656,"href":"https:\/\/projectes.xtec.cat\/bescat\/wp-json\/wp\/v2\/posts\/11651\/revisions\/11656"}],"wp:featuredmedia":[{"embeddable":true,"href":"https:\/\/projectes.xtec.cat\/bescat\/wp-json\/wp\/v2\/media\/11654"}],"wp:attachment":[{"href":"https:\/\/projectes.xtec.cat\/bescat\/wp-json\/wp\/v2\/media?parent=11651"}],"wp:term":[{"taxonomy":"category","embeddable":true,"href":"https:\/\/projectes.xtec.cat\/bescat\/wp-json\/wp\/v2\/categories?post=11651"},{"taxonomy":"post_tag","embeddable":true,"href":"https:\/\/projectes.xtec.cat\/bescat\/wp-json\/wp\/v2\/tags?post=11651"}],"curies":[{"name":"wp","href":"https:\/\/api.w.org\/{rel}","templated":true}]}}