{"id":11666,"date":"2023-02-27T12:16:11","date_gmt":"2023-02-27T11:16:11","guid":{"rendered":"https:\/\/projectes.xtec.cat\/bescat\/?p=11666"},"modified":"2023-02-27T12:19:15","modified_gmt":"2023-02-27T11:19:15","slug":"jornada-faristol-a-la-biblioteca-gabriel-garcia-marquez","status":"publish","type":"post","link":"https:\/\/projectes.xtec.cat\/bescat\/general\/jornada-faristol-a-la-biblioteca-gabriel-garcia-marquez\/","title":{"rendered":"Jornada Faristol a la biblioteca Gabriel Garc\u00eda M\u00e1rquez"},"content":{"rendered":"<p><img loading=\"lazy\" decoding=\"async\" class=\"wp-image-11668 alignleft\" src=\"https:\/\/projectes.xtec.cat\/bescat\/wp-content\/uploads\/usu793\/2023\/02\/Jornada-faristol_2-225x300.jpg\" alt=\"\" width=\"182\" height=\"243\" srcset=\"https:\/\/projectes.xtec.cat\/bescat\/wp-content\/uploads\/usu793\/2023\/02\/Jornada-faristol_2-225x300.jpg 225w, https:\/\/projectes.xtec.cat\/bescat\/wp-content\/uploads\/usu793\/2023\/02\/Jornada-faristol_2-768x1024.jpg 768w, https:\/\/projectes.xtec.cat\/bescat\/wp-content\/uploads\/usu793\/2023\/02\/Jornada-faristol_2-1152x1536.jpg 1152w, https:\/\/projectes.xtec.cat\/bescat\/wp-content\/uploads\/usu793\/2023\/02\/Jornada-faristol_2-1536x2048.jpg 1536w, https:\/\/projectes.xtec.cat\/bescat\/wp-content\/uploads\/usu793\/2023\/02\/Jornada-faristol_2-scaled.jpg 1920w\" sizes=\"auto, (max-width: 182px) 100vw, 182px\" \/><\/p>\n<p>Destriar el gra de la palla: com valorar els llibres per a infants i joves?<\/p>\n<p>Dissabte vam assistir a la Jornada Faristol de cr\u00edtica, an\u00e0lisi i mediaci\u00f3 de la LIJ \u00ab\u00bb a la biblioteca Gabriel Garcia M\u00e1rquez organitzada per Ibbycat<\/p>\n<p>Durant la primera part, en Marc Alabart va moderar la taula rodona amb Am\u00e0lia Ramoneda, In\u00eas Castel-Branco i Josep Antoni T\u00e0ssies.<\/p>\n<p>La segona part va consistir en un taller a c\u00e0rrec d&#8217;Emma Bosch i Rosal\u00eda Clemente per trobar \u00abFaltes (orto)gr\u00e0fiques en els llibres il\u00b7lustrats\u00bb.<\/p>\n<p>&nbsp;<\/p>\n","protected":false},"excerpt":{"rendered":"<p>Destriar el gra de la palla: com valorar els llibres per a infants i joves?<br \/>\nDissabte vam assistir a la Jornada Faristol de cr\u00edtica, an\u00e0lisi i mediaci\u00f3 de la LIJ \u00ab\u00bb a la biblioteca Gabriel Garcia M\u00e1rquez organitzada per Ibbycat<br \/>\nDurant la primera part, en Marc Alabart&hellip;  <a href=\"https:\/\/projectes.xtec.cat\/bescat\/general\/jornada-faristol-a-la-biblioteca-gabriel-garcia-marquez\/\" title=\"Read Jornada Faristol a la biblioteca Gabriel Garc\u00eda M\u00e1rquez\">Llegeix m\u00e9s\u00bb<\/a><\/p>\n","protected":false},"author":133,"featured_media":11669,"comment_status":"open","ping_status":"closed","sticky":false,"template":"","format":"standard","meta":{"_bbp_topic_count":0,"_bbp_reply_count":0,"_bbp_total_topic_count":0,"_bbp_total_reply_count":0,"_bbp_voice_count":0,"_bbp_anonymous_reply_count":0,"_bbp_topic_count_hidden":0,"_bbp_reply_count_hidden":0,"_bbp_forum_subforum_count":0,"footnotes":""},"categories":[1,379,29],"tags":[],"class_list":["post-11666","post","type-post","status-publish","format-standard","has-post-thumbnail","hentry","category-general","category-noticies","category-portada"],"post_mailing_queue_ids":[],"_links":{"self":[{"href":"https:\/\/projectes.xtec.cat\/bescat\/wp-json\/wp\/v2\/posts\/11666","targetHints":{"allow":["GET"]}}],"collection":[{"href":"https:\/\/projectes.xtec.cat\/bescat\/wp-json\/wp\/v2\/posts"}],"about":[{"href":"https:\/\/projectes.xtec.cat\/bescat\/wp-json\/wp\/v2\/types\/post"}],"author":[{"embeddable":true,"href":"https:\/\/projectes.xtec.cat\/bescat\/wp-json\/wp\/v2\/users\/133"}],"replies":[{"embeddable":true,"href":"https:\/\/projectes.xtec.cat\/bescat\/wp-json\/wp\/v2\/comments?post=11666"}],"version-history":[{"count":3,"href":"https:\/\/projectes.xtec.cat\/bescat\/wp-json\/wp\/v2\/posts\/11666\/revisions"}],"predecessor-version":[{"id":11674,"href":"https:\/\/projectes.xtec.cat\/bescat\/wp-json\/wp\/v2\/posts\/11666\/revisions\/11674"}],"wp:featuredmedia":[{"embeddable":true,"href":"https:\/\/projectes.xtec.cat\/bescat\/wp-json\/wp\/v2\/media\/11669"}],"wp:attachment":[{"href":"https:\/\/projectes.xtec.cat\/bescat\/wp-json\/wp\/v2\/media?parent=11666"}],"wp:term":[{"taxonomy":"category","embeddable":true,"href":"https:\/\/projectes.xtec.cat\/bescat\/wp-json\/wp\/v2\/categories?post=11666"},{"taxonomy":"post_tag","embeddable":true,"href":"https:\/\/projectes.xtec.cat\/bescat\/wp-json\/wp\/v2\/tags?post=11666"}],"curies":[{"name":"wp","href":"https:\/\/api.w.org\/{rel}","templated":true}]}}