{"id":12296,"date":"2023-06-26T12:34:07","date_gmt":"2023-06-26T10:34:07","guid":{"rendered":"https:\/\/projectes.xtec.cat\/bescat\/?p=12296"},"modified":"2023-06-26T13:56:09","modified_gmt":"2023-06-26T11:56:09","slug":"erasmus-projecte-21-article-sobre-els-habits-de-lectura","status":"publish","type":"post","link":"https:\/\/projectes.xtec.cat\/bescat\/general\/erasmus-projecte-21-article-sobre-els-habits-de-lectura\/","title":{"rendered":"Erasmus+ Projecte 21: Article sobre els h\u00e0bits de lectura"},"content":{"rendered":"<p><img loading=\"lazy\" decoding=\"async\" class=\" wp-image-12300 alignleft\" src=\"https:\/\/projectes.xtec.cat\/bescat\/wp-content\/uploads\/usu793\/2023\/06\/habits-lectura-226x300.png\" alt=\"\" width=\"186\" height=\"247\" srcset=\"https:\/\/projectes.xtec.cat\/bescat\/wp-content\/uploads\/usu793\/2023\/06\/habits-lectura-226x300.png 226w, https:\/\/projectes.xtec.cat\/bescat\/wp-content\/uploads\/usu793\/2023\/06\/habits-lectura.png 340w\" sizes=\"auto, (max-width: 186px) 100vw, 186px\" \/>Us presentem l&#8217;article creat per Helena Moreno i S\u00f2nia Fern\u00e1ndez de l&#8217;escola La Farga de Salt despr\u00e9s de la mobilitat realitzada a l&#8217;IC Collodi Marini (Avezzano, It\u00e0lia).<\/p>\n<p>Un objectiu del projecte Erasmus CETE+ \u00e9s difondre els productes elaborats despr\u00e9s de les observacions fetes a les mobilitats perqu\u00e8 puguin arribar a la resta de centres escolars.<\/p>\n<p><a href=\"https:\/\/drive.google.com\/file\/d\/1VrEyBn1cHpY1WsrnfoTj5TEBVVMn3mbz\/view?usp=sharing\" target=\"_blank\" rel=\"noopener\">Article H\u00e0bits de lectura<\/a><\/p>\n<p>&nbsp;<\/p>\n","protected":false},"excerpt":{"rendered":"<p>Us presentem l&#8217;article creat per Helena Moreno i S\u00f2nia Fern\u00e1ndez de l&#8217;escola La Farga de Salt despr\u00e9s de la mobilitat realitzada a l&#8217;IC Collodi Marini (Avezzano, It\u00e0lia).<br \/>\nUn objectiu del projecte Erasmus CETE+ \u00e9s difondre els productes elaborats despr\u00e9s de les observacions fetes a les mobilitats&hellip;  <a href=\"https:\/\/projectes.xtec.cat\/bescat\/general\/erasmus-projecte-21-article-sobre-els-habits-de-lectura\/\" title=\"Read Erasmus+ Projecte 21: Article sobre els h\u00e0bits de lectura\">Llegeix m\u00e9s\u00bb<\/a><\/p>\n","protected":false},"author":133,"featured_media":12299,"comment_status":"open","ping_status":"closed","sticky":false,"template":"","format":"standard","meta":{"_bbp_topic_count":0,"_bbp_reply_count":0,"_bbp_total_topic_count":0,"_bbp_total_reply_count":0,"_bbp_voice_count":0,"_bbp_anonymous_reply_count":0,"_bbp_topic_count_hidden":0,"_bbp_reply_count_hidden":0,"_bbp_forum_subforum_count":0,"footnotes":""},"categories":[450,1,379,29,479],"tags":[454,453,455],"class_list":["post-12296","post","type-post","status-publish","format-standard","has-post-thumbnail","hentry","category-erasmuspuntedu","category-general","category-noticies","category-portada","category-projecte-21","tag-cete","tag-erasmus","tag-mcpuntedu"],"post_mailing_queue_ids":[],"_links":{"self":[{"href":"https:\/\/projectes.xtec.cat\/bescat\/wp-json\/wp\/v2\/posts\/12296","targetHints":{"allow":["GET"]}}],"collection":[{"href":"https:\/\/projectes.xtec.cat\/bescat\/wp-json\/wp\/v2\/posts"}],"about":[{"href":"https:\/\/projectes.xtec.cat\/bescat\/wp-json\/wp\/v2\/types\/post"}],"author":[{"embeddable":true,"href":"https:\/\/projectes.xtec.cat\/bescat\/wp-json\/wp\/v2\/users\/133"}],"replies":[{"embeddable":true,"href":"https:\/\/projectes.xtec.cat\/bescat\/wp-json\/wp\/v2\/comments?post=12296"}],"version-history":[{"count":3,"href":"https:\/\/projectes.xtec.cat\/bescat\/wp-json\/wp\/v2\/posts\/12296\/revisions"}],"predecessor-version":[{"id":12307,"href":"https:\/\/projectes.xtec.cat\/bescat\/wp-json\/wp\/v2\/posts\/12296\/revisions\/12307"}],"wp:featuredmedia":[{"embeddable":true,"href":"https:\/\/projectes.xtec.cat\/bescat\/wp-json\/wp\/v2\/media\/12299"}],"wp:attachment":[{"href":"https:\/\/projectes.xtec.cat\/bescat\/wp-json\/wp\/v2\/media?parent=12296"}],"wp:term":[{"taxonomy":"category","embeddable":true,"href":"https:\/\/projectes.xtec.cat\/bescat\/wp-json\/wp\/v2\/categories?post=12296"},{"taxonomy":"post_tag","embeddable":true,"href":"https:\/\/projectes.xtec.cat\/bescat\/wp-json\/wp\/v2\/tags?post=12296"}],"curies":[{"name":"wp","href":"https:\/\/api.w.org\/{rel}","templated":true}]}}