{"id":12383,"date":"2023-09-05T07:48:14","date_gmt":"2023-09-05T05:48:14","guid":{"rendered":"https:\/\/projectes.xtec.cat\/bescat\/?p=12383"},"modified":"2023-09-05T07:48:14","modified_gmt":"2023-09-05T05:48:14","slug":"carrega-alumnat-a-epergam","status":"publish","type":"post","link":"https:\/\/projectes.xtec.cat\/bescat\/general\/carrega-alumnat-a-epergam\/","title":{"rendered":"C\u00e0rrega alumnat a ep\u00e8rgam"},"content":{"rendered":"<p><img loading=\"lazy\" decoding=\"async\" class=\" wp-image-9896 alignleft\" src=\"https:\/\/projectes.xtec.cat\/bescat\/wp-content\/uploads\/usu793\/2021\/09\/t_epergam.gif\" alt=\"\" width=\"210\" height=\"70\" \/><\/p>\n<p>Com cada inici de curs, s&#8217;estan preparant les c\u00e0rregues de l&#8217;alumnat a l&#8217;aplicaci\u00f3 ep\u00e8rgam. Recordeu que, perqu\u00e8 es carregui tot l&#8217;alumnat, la matr\u00edcula ha d&#8217;estar tancada. Les dates previstes s\u00f3n les seg\u00fcents:<\/p>\n<ul>\n<li>13 setembre alumnat de prim\u00e0ria.<\/li>\n<li>18 de setembre alumnat d&#8217;ESO i Batxillerat.<\/li>\n<li>21 de setembre centres d&#8217;educaci\u00f3 especial.<\/li>\n<li>2 d&#8217;octubre EOI.<\/li>\n<\/ul>\n<p>Que tingueu un bon inici de curs.<\/p>\n","protected":false},"excerpt":{"rendered":"<p>Com cada inici de curs, s&#8217;estan preparant les c\u00e0rregues de l&#8217;alumnat a l&#8217;aplicaci\u00f3 ep\u00e8rgam. Recordeu que, perqu\u00e8 es carregui tot l&#8217;alumnat, la matr\u00edcula ha d&#8217;estar tancada. Les dates previstes s\u00f3n les seg\u00fcents:<\/p>\n<ul>\n<li>13 setembre alumnat de prim\u00e0ria.<\/li>\n<li>18 de setembre alumnat d&#8217;ESO i Batxillerat.<\/li>\n<li>21 de setembre centres&hellip;  <a href=\"https:\/\/projectes.xtec.cat\/bescat\/general\/carrega-alumnat-a-epergam\/\" title=\"Read C\u00e0rrega alumnat a ep\u00e8rgam\">Llegeix m\u00e9s\u00bb<\/a><br \/>\n","protected":false},"author":4,"featured_media":9896,"comment_status":"open","ping_status":"closed","sticky":false,"template":"","format":"standard","meta":{"_bbp_topic_count":0,"_bbp_reply_count":0,"_bbp_total_topic_count":0,"_bbp_total_reply_count":0,"_bbp_voice_count":0,"_bbp_anonymous_reply_count":0,"_bbp_topic_count_hidden":0,"_bbp_reply_count_hidden":0,"_bbp_forum_subforum_count":0,"footnotes":""},"categories":[1,379,29],"tags":[413],"class_list":["post-12383","post","type-post","status-publish","format-standard","has-post-thumbnail","hentry","category-general","category-noticies","category-portada","tag-epergam"],"post_mailing_queue_ids":[],"_links":{"self":[{"href":"https:\/\/projectes.xtec.cat\/bescat\/wp-json\/wp\/v2\/posts\/12383","targetHints":{"allow":["GET"]}}],"collection":[{"href":"https:\/\/projectes.xtec.cat\/bescat\/wp-json\/wp\/v2\/posts"}],"about":[{"href":"https:\/\/projectes.xtec.cat\/bescat\/wp-json\/wp\/v2\/types\/post"}],"author":[{"embeddable":true,"href":"https:\/\/projectes.xtec.cat\/bescat\/wp-json\/wp\/v2\/users\/4"}],"replies":[{"embeddable":true,"href":"https:\/\/projectes.xtec.cat\/bescat\/wp-json\/wp\/v2\/comments?post=12383"}],"version-history":[{"count":1,"href":"https:\/\/projectes.xtec.cat\/bescat\/wp-json\/wp\/v2\/posts\/12383\/revisions"}],"predecessor-version":[{"id":12384,"href":"https:\/\/projectes.xtec.cat\/bescat\/wp-json\/wp\/v2\/posts\/12383\/revisions\/12384"}],"wp:featuredmedia":[{"embeddable":true,"href":"https:\/\/projectes.xtec.cat\/bescat\/wp-json\/wp\/v2\/media\/9896"}],"wp:attachment":[{"href":"https:\/\/projectes.xtec.cat\/bescat\/wp-json\/wp\/v2\/media?parent=12383"}],"wp:term":[{"taxonomy":"category","embeddable":true,"href":"https:\/\/projectes.xtec.cat\/bescat\/wp-json\/wp\/v2\/categories?post=12383"},{"taxonomy":"post_tag","embeddable":true,"href":"https:\/\/projectes.xtec.cat\/bescat\/wp-json\/wp\/v2\/tags?post=12383"}],"curies":[{"name":"wp","href":"https:\/\/api.w.org\/{rel}","templated":true}]}}