{"id":12395,"date":"2023-09-12T10:57:34","date_gmt":"2023-09-12T08:57:34","guid":{"rendered":"https:\/\/projectes.xtec.cat\/bescat\/?p=12395"},"modified":"2023-09-12T10:57:34","modified_gmt":"2023-09-12T08:57:34","slug":"my-journal","status":"publish","type":"post","link":"https:\/\/projectes.xtec.cat\/bescat\/general\/my-journal\/","title":{"rendered":"My Journal"},"content":{"rendered":"<p><img loading=\"lazy\" decoding=\"async\" class=\"size-medium wp-image-12397 alignleft\" src=\"https:\/\/projectes.xtec.cat\/bescat\/wp-content\/uploads\/usu793\/2023\/09\/My-journal-300x166.png\" alt=\"\" width=\"300\" height=\"166\" srcset=\"https:\/\/projectes.xtec.cat\/bescat\/wp-content\/uploads\/usu793\/2023\/09\/My-journal-300x166.png 300w, https:\/\/projectes.xtec.cat\/bescat\/wp-content\/uploads\/usu793\/2023\/09\/My-journal-1024x566.png 1024w, https:\/\/projectes.xtec.cat\/bescat\/wp-content\/uploads\/usu793\/2023\/09\/My-journal-768x424.png 768w, https:\/\/projectes.xtec.cat\/bescat\/wp-content\/uploads\/usu793\/2023\/09\/My-journal.png 1461w\" sizes=\"auto, (max-width: 300px) 100vw, 300px\" \/>Us compartim el\u00a0<strong><a href=\"https:\/\/view.genial.ly\/63fcdbdcea75920011f97293\" target=\"_blank\" rel=\"noopener\">Diari de la mobilitat<\/a><\/strong> de la coordinadora del programa de biblioteques escolars i del MC Puntedu que va fer sobre el curs de formaci\u00f3 per a professorat amb el t\u00edtol \u201cProject-Based Learning (PBL) in the Classroom: Setup, Integration and Reflection\u201d, organitzat per l\u2019Europass Teacher Academy a Flor\u00e8ncia (setembre-octubre de 2023)<\/p>\n<p>El\u00a0<em>Job shadowing<\/em> es basa en l\u2019aprenentatge entre iguals i consisteix en fer visites a centres internacionals on poder observar experi\u00e8ncies que ens ajudin a millorar la nostra organitzaci\u00f3 i pr\u00e0ctica docent.<\/p>\n<p>&nbsp;<\/p>\n","protected":false},"excerpt":{"rendered":"<p>Us compartim el\u00a0<a href=\"https:\/\/view.genial.ly\/63fcdbdcea75920011f97293\" target=\"_blank\" rel=\"noopener\">Diari de la mobilitat<\/a> de la coordinadora del programa de biblioteques escolars i del MC Puntedu que va fer sobre el curs de formaci\u00f3 per a professorat amb el t\u00edtol \u201cProject-Based Learning (PBL) in the Classroom: Setup, Integration and Reflection\u201d,&hellip;  <a href=\"https:\/\/projectes.xtec.cat\/bescat\/general\/my-journal\/\" title=\"Read My Journal\">Llegeix m\u00e9s\u00bb<\/a><\/p>\n","protected":false},"author":133,"featured_media":12397,"comment_status":"open","ping_status":"closed","sticky":false,"template":"","format":"standard","meta":{"_bbp_topic_count":0,"_bbp_reply_count":0,"_bbp_total_topic_count":0,"_bbp_total_reply_count":0,"_bbp_voice_count":0,"_bbp_anonymous_reply_count":0,"_bbp_topic_count_hidden":0,"_bbp_reply_count_hidden":0,"_bbp_forum_subforum_count":0,"footnotes":""},"categories":[450,1,379,29,479],"tags":[454,453,455,485],"class_list":["post-12395","post","type-post","status-publish","format-standard","has-post-thumbnail","hentry","category-erasmuspuntedu","category-general","category-noticies","category-portada","category-projecte-21","tag-cete","tag-erasmus","tag-mcpuntedu","tag-puntedu"],"post_mailing_queue_ids":[],"_links":{"self":[{"href":"https:\/\/projectes.xtec.cat\/bescat\/wp-json\/wp\/v2\/posts\/12395","targetHints":{"allow":["GET"]}}],"collection":[{"href":"https:\/\/projectes.xtec.cat\/bescat\/wp-json\/wp\/v2\/posts"}],"about":[{"href":"https:\/\/projectes.xtec.cat\/bescat\/wp-json\/wp\/v2\/types\/post"}],"author":[{"embeddable":true,"href":"https:\/\/projectes.xtec.cat\/bescat\/wp-json\/wp\/v2\/users\/133"}],"replies":[{"embeddable":true,"href":"https:\/\/projectes.xtec.cat\/bescat\/wp-json\/wp\/v2\/comments?post=12395"}],"version-history":[{"count":3,"href":"https:\/\/projectes.xtec.cat\/bescat\/wp-json\/wp\/v2\/posts\/12395\/revisions"}],"predecessor-version":[{"id":12400,"href":"https:\/\/projectes.xtec.cat\/bescat\/wp-json\/wp\/v2\/posts\/12395\/revisions\/12400"}],"wp:featuredmedia":[{"embeddable":true,"href":"https:\/\/projectes.xtec.cat\/bescat\/wp-json\/wp\/v2\/media\/12397"}],"wp:attachment":[{"href":"https:\/\/projectes.xtec.cat\/bescat\/wp-json\/wp\/v2\/media?parent=12395"}],"wp:term":[{"taxonomy":"category","embeddable":true,"href":"https:\/\/projectes.xtec.cat\/bescat\/wp-json\/wp\/v2\/categories?post=12395"},{"taxonomy":"post_tag","embeddable":true,"href":"https:\/\/projectes.xtec.cat\/bescat\/wp-json\/wp\/v2\/tags?post=12395"}],"curies":[{"name":"wp","href":"https:\/\/api.w.org\/{rel}","templated":true}]}}