{"id":12555,"date":"2023-10-19T08:30:27","date_gmt":"2023-10-19T06:30:27","guid":{"rendered":"https:\/\/projectes.xtec.cat\/bescat\/?p=12555"},"modified":"2023-10-19T08:31:12","modified_gmt":"2023-10-19T06:31:12","slug":"nou-espai-a-lescola","status":"publish","type":"post","link":"https:\/\/projectes.xtec.cat\/bescat\/general\/nou-espai-a-lescola\/","title":{"rendered":"Bones pr\u00e0ctiques: Nou espai a l&#8217;escola"},"content":{"rendered":"<p><span data-sheets-value=\"{&quot;1&quot;:2,&quot;2&quot;:&quot;Escola font-r\u00fabia&quot;}\" data-sheets-userformat=\"{&quot;2&quot;:513,&quot;3&quot;:{&quot;1&quot;:0},&quot;12&quot;:0}\"><img loading=\"lazy\" decoding=\"async\" class=\" wp-image-12558 alignleft\" src=\"https:\/\/projectes.xtec.cat\/bescat\/wp-content\/uploads\/usu793\/2023\/10\/Zona-nova-treball-Font-rubia-300x225.jpg\" alt=\"\" width=\"376\" height=\"282\" srcset=\"https:\/\/projectes.xtec.cat\/bescat\/wp-content\/uploads\/usu793\/2023\/10\/Zona-nova-treball-Font-rubia-300x225.jpg 300w, https:\/\/projectes.xtec.cat\/bescat\/wp-content\/uploads\/usu793\/2023\/10\/Zona-nova-treball-Font-rubia-200x150.jpg 200w, https:\/\/projectes.xtec.cat\/bescat\/wp-content\/uploads\/usu793\/2023\/10\/Zona-nova-treball-Font-rubia.jpg 640w\" sizes=\"auto, (max-width: 376px) 100vw, 376px\" \/>Escola Font-r\u00fabia (Guardiola de Font-rub\u00ed)<\/span><\/p>\n<p><span data-sheets-value=\"{&quot;1&quot;:2,&quot;2&quot;:&quot;L\u00ednia 1: La biblioteca escolar com a agent de canvi i innovaci\u00f3&quot;}\" data-sheets-userformat=\"{&quot;2&quot;:513,&quot;3&quot;:{&quot;1&quot;:0},&quot;12&quot;:0}\">L\u00ednia 1: La biblioteca escolar com a agent de canvi i innovaci\u00f3<\/span><\/p>\n<p><span data-sheets-value=\"{&quot;1&quot;:2,&quot;2&quot;:&quot;Prim\u00e0ria&quot;}\" data-sheets-userformat=\"{&quot;2&quot;:513,&quot;3&quot;:{&quot;1&quot;:0},&quot;12&quot;:0}\">Prim\u00e0ria<\/span><\/p>\n<p>Objectius:<\/p>\n<ul>\n<li>Disposar d&#8217;un nou espai, m\u00e9s proper a les aules, on poder llegir i treballar de manera tranquil\u00b7la i en petit grup.<\/li>\n<li>Aprofitar l&#8217;espai com a zona d&#8217;exposici\u00f3 de treballs d&#8217;alumnes o de llibres d&#8217;una tem\u00e0tica concreta que interessi.<\/li>\n<\/ul>\n<p>Explicaci\u00f3:<\/p>\n<p>Aquest curs l\u2019escola Font-r\u00fabia ha estrenat una nova zona de treball al pis de Prim\u00e0ria. \u00c9s un espai acollidor i tranquil per fer diferents tasques i llegir relaxadament.<\/p>\n<p>Per comen\u00e7ar, aquest inici de curs hi han fet una petita exposici\u00f3 amb alguns dels \u00e0lbums il\u00b7lustrats que tenen a la Biblioteca de l\u2019escola.<\/p>\n<p>Podeu trobar l\u2019article original\u00a0<a href=\"https:\/\/blocs.xtec.cat\/bibliotecafontrubia\/2023\/09\/26\/nou-espai-a-lescola\/\" target=\"_blank\" rel=\"noopener\">aqu\u00ed<\/a>.<\/p>\n","protected":false},"excerpt":{"rendered":"<p>Escola Font-r\u00fabia (Guardiola de Font-rub\u00ed)<br \/>\nL\u00ednia 1: La biblioteca escolar com a agent de canvi i innovaci\u00f3<br \/>\nPrim\u00e0ria<br \/>\nObjectius:<\/p>\n<ul>\n<li>Disposar d&#8217;un nou espai, m\u00e9s proper a les aules, on poder llegir i treballar de manera tranquil\u00b7la i en petit grup.<\/li>\n<li>Aprofitar l&#8217;espai com a zona d&#8217;exposici\u00f3 de treballs d&#8217;alumnes o&hellip;  <a href=\"https:\/\/projectes.xtec.cat\/bescat\/general\/nou-espai-a-lescola\/\" title=\"Read Bones pr\u00e0ctiques: Nou espai a l&#8217;escola\">Llegeix m\u00e9s\u00bb<\/a><br \/>\n","protected":false},"author":133,"featured_media":12557,"comment_status":"open","ping_status":"closed","sticky":false,"template":"","format":"standard","meta":{"_bbp_topic_count":0,"_bbp_reply_count":0,"_bbp_total_topic_count":0,"_bbp_total_reply_count":0,"_bbp_voice_count":0,"_bbp_anonymous_reply_count":0,"_bbp_topic_count_hidden":0,"_bbp_reply_count_hidden":0,"_bbp_forum_subforum_count":0,"footnotes":""},"categories":[1,295,379,29,288],"tags":[472],"class_list":["post-12555","post","type-post","status-publish","format-standard","has-post-thumbnail","hentry","category-general","category-l1","category-noticies","category-portada","category-primaria","tag-bones-practiques"],"post_mailing_queue_ids":[],"_links":{"self":[{"href":"https:\/\/projectes.xtec.cat\/bescat\/wp-json\/wp\/v2\/posts\/12555","targetHints":{"allow":["GET"]}}],"collection":[{"href":"https:\/\/projectes.xtec.cat\/bescat\/wp-json\/wp\/v2\/posts"}],"about":[{"href":"https:\/\/projectes.xtec.cat\/bescat\/wp-json\/wp\/v2\/types\/post"}],"author":[{"embeddable":true,"href":"https:\/\/projectes.xtec.cat\/bescat\/wp-json\/wp\/v2\/users\/133"}],"replies":[{"embeddable":true,"href":"https:\/\/projectes.xtec.cat\/bescat\/wp-json\/wp\/v2\/comments?post=12555"}],"version-history":[{"count":6,"href":"https:\/\/projectes.xtec.cat\/bescat\/wp-json\/wp\/v2\/posts\/12555\/revisions"}],"predecessor-version":[{"id":12566,"href":"https:\/\/projectes.xtec.cat\/bescat\/wp-json\/wp\/v2\/posts\/12555\/revisions\/12566"}],"wp:featuredmedia":[{"embeddable":true,"href":"https:\/\/projectes.xtec.cat\/bescat\/wp-json\/wp\/v2\/media\/12557"}],"wp:attachment":[{"href":"https:\/\/projectes.xtec.cat\/bescat\/wp-json\/wp\/v2\/media?parent=12555"}],"wp:term":[{"taxonomy":"category","embeddable":true,"href":"https:\/\/projectes.xtec.cat\/bescat\/wp-json\/wp\/v2\/categories?post=12555"},{"taxonomy":"post_tag","embeddable":true,"href":"https:\/\/projectes.xtec.cat\/bescat\/wp-json\/wp\/v2\/tags?post=12555"}],"curies":[{"name":"wp","href":"https:\/\/api.w.org\/{rel}","templated":true}]}}