{"id":12756,"date":"2023-12-11T09:18:18","date_gmt":"2023-12-11T08:18:18","guid":{"rendered":"https:\/\/projectes.xtec.cat\/bescat\/?p=12756"},"modified":"2023-12-11T09:21:41","modified_gmt":"2023-12-11T08:21:41","slug":"lescola-casa-de-lectura","status":"publish","type":"post","link":"https:\/\/projectes.xtec.cat\/bescat\/general\/lescola-casa-de-lectura\/","title":{"rendered":"L&#8217;escola, casa de lectura"},"content":{"rendered":"<p><img loading=\"lazy\" decoding=\"async\" class=\"size-medium wp-image-12761 alignleft\" src=\"https:\/\/projectes.xtec.cat\/bescat\/wp-content\/uploads\/usu793\/2023\/12\/Lescola-casa-de-lectura-195x300.jpg\" alt=\"\" width=\"195\" height=\"300\" srcset=\"https:\/\/projectes.xtec.cat\/bescat\/wp-content\/uploads\/usu793\/2023\/12\/Lescola-casa-de-lectura-195x300.jpg 195w, https:\/\/projectes.xtec.cat\/bescat\/wp-content\/uploads\/usu793\/2023\/12\/Lescola-casa-de-lectura-666x1024.jpg 666w, https:\/\/projectes.xtec.cat\/bescat\/wp-content\/uploads\/usu793\/2023\/12\/Lescola-casa-de-lectura.jpg 740w\" sizes=\"auto, (max-width: 195px) 100vw, 195px\" \/>Quan es comen\u00e7a a llegir? Qui ens llegeix per primer cop? En quin lloc? L&#8217;autora, Mar Esteve (pedagoga), ens explica que se sent afortunada per haver anat a una escola en qu\u00e8 la lectura s&#8217;encomanava. El t\u00edtol, <a href=\"https:\/\/lafinestralectora.cat\/lescola-casa-de-lectura\/\" target=\"_blank\" rel=\"noopener\"><em>L&#8217;escola, casa de lectura<\/em><\/a>, Eumo Editorial (2023) ens anticipa la import\u00e0ncia de l&#8217;escola, un lloc on els infants tindran les mateixes oportunitats.<\/p>\n<p>La lectura es divideix en dues parts:<\/p>\n<p>-Una que ens apropa a un conjunt d&#8217;idees i reflexions de cinc autors sobre el significat de llegir: Clive Staples Lewis, Hans-Georg Gadamer, Harold Bloom, George Steiner i Martha Nussbaum.<\/p>\n<p>-Una altra que ens parla de l&#8217;escola, casa de lectura. I ho fa donant resposta a tres interrogants: Qu\u00e8 \u00e9s llegir? Quin marc fa possible la lectura? i Com acompanyar l&#8217;experi\u00e8ncia de la lectura? Les idees que han aparegut en les reflexions dels altres autors, aqu\u00ed s&#8217;apropen a l&#8217;escola i ens acompanyen ara les veus de Josep Maria Esquirol i Daniel Pennac, tamb\u00e9.<\/p>\n<p>A les primeres p\u00e0gines, l&#8217;autora ens explica les dues parts que trobarem i ens convida a triar l&#8217;ordre de lectura, ja que totes dues es complementen.<\/p>\n<p>Acabem la recomanaci\u00f3 d&#8217;aquesta publicaci\u00f3 amb una de les seves frases:<\/p>\n<p>&#8220;Llegir \u00e9s rebre, acollir, escoltar&#8221;.<\/p>\n<p><a href=\"https:\/\/lafinestralectora.cat\/wp-content\/PDFS\/eumoeditorial\/tasts\/Escola_casa_lectura_web_def.pdf\" target=\"_blank\" rel=\"noopener\">Per llegir-ne un fragment.<\/a><\/p>\n<p>Bona lectura!<\/p>\n","protected":false},"excerpt":{"rendered":"<p>Quan es comen\u00e7a a llegir? Qui ens llegeix per primer cop? En quin lloc? L&#8217;autora, Mar Esteve (pedagoga), ens explica que se sent afortunada per haver anat a una escola en qu\u00e8 la lectura s&#8217;encomanava. El t\u00edtol, <a href=\"https:\/\/lafinestralectora.cat\/lescola-casa-de-lectura\/\" target=\"_blank\" rel=\"noopener\">L&#8217;escola, casa de lectura<\/a>, Eumo&hellip;  <a href=\"https:\/\/projectes.xtec.cat\/bescat\/general\/lescola-casa-de-lectura\/\" title=\"Read L&#8217;escola, casa de lectura\">Llegeix m\u00e9s\u00bb<\/a><\/p>\n","protected":false},"author":133,"featured_media":12761,"comment_status":"open","ping_status":"closed","sticky":false,"template":"","format":"standard","meta":{"_bbp_topic_count":0,"_bbp_reply_count":0,"_bbp_total_topic_count":0,"_bbp_total_reply_count":0,"_bbp_voice_count":0,"_bbp_anonymous_reply_count":0,"_bbp_topic_count_hidden":0,"_bbp_reply_count_hidden":0,"_bbp_forum_subforum_count":0,"footnotes":""},"categories":[1,458,379,29],"tags":[],"class_list":["post-12756","post","type-post","status-publish","format-standard","has-post-thumbnail","hentry","category-general","category-llibres-de-capcalera","category-noticies","category-portada"],"post_mailing_queue_ids":[],"_links":{"self":[{"href":"https:\/\/projectes.xtec.cat\/bescat\/wp-json\/wp\/v2\/posts\/12756","targetHints":{"allow":["GET"]}}],"collection":[{"href":"https:\/\/projectes.xtec.cat\/bescat\/wp-json\/wp\/v2\/posts"}],"about":[{"href":"https:\/\/projectes.xtec.cat\/bescat\/wp-json\/wp\/v2\/types\/post"}],"author":[{"embeddable":true,"href":"https:\/\/projectes.xtec.cat\/bescat\/wp-json\/wp\/v2\/users\/133"}],"replies":[{"embeddable":true,"href":"https:\/\/projectes.xtec.cat\/bescat\/wp-json\/wp\/v2\/comments?post=12756"}],"version-history":[{"count":6,"href":"https:\/\/projectes.xtec.cat\/bescat\/wp-json\/wp\/v2\/posts\/12756\/revisions"}],"predecessor-version":[{"id":12768,"href":"https:\/\/projectes.xtec.cat\/bescat\/wp-json\/wp\/v2\/posts\/12756\/revisions\/12768"}],"wp:featuredmedia":[{"embeddable":true,"href":"https:\/\/projectes.xtec.cat\/bescat\/wp-json\/wp\/v2\/media\/12761"}],"wp:attachment":[{"href":"https:\/\/projectes.xtec.cat\/bescat\/wp-json\/wp\/v2\/media?parent=12756"}],"wp:term":[{"taxonomy":"category","embeddable":true,"href":"https:\/\/projectes.xtec.cat\/bescat\/wp-json\/wp\/v2\/categories?post=12756"},{"taxonomy":"post_tag","embeddable":true,"href":"https:\/\/projectes.xtec.cat\/bescat\/wp-json\/wp\/v2\/tags?post=12756"}],"curies":[{"name":"wp","href":"https:\/\/api.w.org\/{rel}","templated":true}]}}