{"id":12773,"date":"2023-12-11T14:38:29","date_gmt":"2023-12-11T13:38:29","guid":{"rendered":"https:\/\/projectes.xtec.cat\/bescat\/?p=12773"},"modified":"2023-12-11T14:38:29","modified_gmt":"2023-12-11T13:38:29","slug":"bones-practiques-recomano-aquest-llibre","status":"publish","type":"post","link":"https:\/\/projectes.xtec.cat\/bescat\/general\/bones-practiques-recomano-aquest-llibre\/","title":{"rendered":"Bones pr\u00e0ctiques: Recomano aquest llibre"},"content":{"rendered":"<p><span data-sheets-root=\"1\" data-sheets-value=\"{&quot;1&quot;:2,&quot;2&quot;:&quot;Escola Antoni Nat&quot;}\" data-sheets-userformat=\"{&quot;2&quot;:513,&quot;3&quot;:{&quot;1&quot;:0},&quot;12&quot;:0}\"><img loading=\"lazy\" decoding=\"async\" class=\" wp-image-12776 alignleft\" src=\"https:\/\/projectes.xtec.cat\/bescat\/wp-content\/uploads\/usu793\/2023\/12\/El-Verger-300x218.png\" alt=\"\" width=\"212\" height=\"154\" srcset=\"https:\/\/projectes.xtec.cat\/bescat\/wp-content\/uploads\/usu793\/2023\/12\/El-Verger-300x218.png 300w, https:\/\/projectes.xtec.cat\/bescat\/wp-content\/uploads\/usu793\/2023\/12\/El-Verger.png 598w\" sizes=\"auto, (max-width: 212px) 100vw, 212px\" \/>Escola El Verger (ZER Ribera d&#8217;Ebre Nord)<\/span><\/p>\n<p><span data-sheets-root=\"1\" data-sheets-value=\"{&quot;1&quot;:2,&quot;2&quot;:&quot;L\u00ednia 3: La biblioteca escolar com a agent dinamitzador cultural del centre&quot;}\" data-sheets-userformat=\"{&quot;2&quot;:513,&quot;3&quot;:{&quot;1&quot;:0},&quot;12&quot;:0}\">L\u00ednia 3: La biblioteca escolar com a agent dinamitzador cultural del centre<\/span><\/p>\n<p><span data-sheets-root=\"1\" data-sheets-value=\"{&quot;1&quot;:2,&quot;2&quot;:&quot;Prim\u00e0ria&quot;}\" data-sheets-userformat=\"{&quot;2&quot;:513,&quot;3&quot;:{&quot;1&quot;:0},&quot;12&quot;:0}\">Prim\u00e0ria<\/span><\/p>\n<p>Objectius:<\/p>\n<ul>\n<li><span data-sheets-root=\"1\" data-sheets-value=\"{&quot;1&quot;:2,&quot;2&quot;:&quot;Dinamitzar la lectura entre companys\/es de l'escola&quot;}\" data-sheets-userformat=\"{&quot;2&quot;:513,&quot;3&quot;:{&quot;1&quot;:0},&quot;12&quot;:0}\">Dinamitzar la lectura entre companys\/es de l&#8217;escola<\/span><\/li>\n<\/ul>\n<p>Explicaci\u00f3:<\/p>\n<p>La comunitat de grans de l&#8217;escola El Verger han estat els primers de l\u2019escola en tenir a l\u2019aula la maleta \u201cEmocions 1\u201d en pr\u00e9stec del CRP. Durant diverses sessions de lectura hem estat llegint, mirant\u2026 tots els llibres de la maleta amb la finalitat de realitzar l\u2019activitat \u201cJo et recomano aquest llibre perqu\u00e8\u2026\u201d.<\/p>\n<p>Cada alumne\/a va escollir el llibre que m\u00e9s li va cridar l\u2019atenci\u00f3 per recomanar-lo als companys\/es de la comunitat de mitjans el dia que els vam \u201cpassar\u201d de classe la maleta. Cadascun d\u2019ells\/es va emplenar el full de treball on anotaven els trets m\u00e9s caracter\u00edstics del llibre per con\u00e8ixer-lo.<\/p>\n<p>En una de les sessions d\u2019activitats del pla lector vam portar la maleta a la classe dels mitjans i cada alumne\/a va explicar als companys\/es de la classe dels mitjans el seu full de recomanaci\u00f3 d\u2019un llibre.<\/p>\n<p>Podeu trobar l\u2019article original\u00a0<a href=\"https:\/\/agora.xtec.cat\/zerren\/elverger\/jo-et-recomano-aquest-llibre\/\" target=\"_blank\" rel=\"noopener\">aqu\u00ed<\/a>.<\/p>\n","protected":false},"excerpt":{"rendered":"<p>Escola El Verger (ZER Ribera d&#8217;Ebre Nord)<br \/>\nL\u00ednia 3: La biblioteca escolar com a agent dinamitzador cultural del centre<br \/>\nPrim\u00e0ria<br \/>\nObjectius:<\/p>\n<ul>\n<li>Dinamitzar la lectura entre companys\/es de l&#8217;escola<\/li>\n<\/ul>\n<p>Explicaci\u00f3:<br \/>\nLa comunitat de grans de l&#8217;escola El Verger han estat els primers de l\u2019escola en tenir a l\u2019aula la maleta \u201cEmocions 1\u201d&hellip;  <a href=\"https:\/\/projectes.xtec.cat\/bescat\/general\/bones-practiques-recomano-aquest-llibre\/\" title=\"Read Bones pr\u00e0ctiques: Recomano aquest llibre\">Llegeix m\u00e9s\u00bb<\/a><\/p>\n","protected":false},"author":133,"featured_media":12776,"comment_status":"open","ping_status":"closed","sticky":false,"template":"","format":"standard","meta":{"_bbp_topic_count":0,"_bbp_reply_count":0,"_bbp_total_topic_count":0,"_bbp_total_reply_count":0,"_bbp_voice_count":0,"_bbp_anonymous_reply_count":0,"_bbp_topic_count_hidden":0,"_bbp_reply_count_hidden":0,"_bbp_forum_subforum_count":0,"footnotes":""},"categories":[1,297,379,29,288],"tags":[472],"class_list":["post-12773","post","type-post","status-publish","format-standard","has-post-thumbnail","hentry","category-general","category-l3","category-noticies","category-portada","category-primaria","tag-bones-practiques"],"post_mailing_queue_ids":[],"_links":{"self":[{"href":"https:\/\/projectes.xtec.cat\/bescat\/wp-json\/wp\/v2\/posts\/12773","targetHints":{"allow":["GET"]}}],"collection":[{"href":"https:\/\/projectes.xtec.cat\/bescat\/wp-json\/wp\/v2\/posts"}],"about":[{"href":"https:\/\/projectes.xtec.cat\/bescat\/wp-json\/wp\/v2\/types\/post"}],"author":[{"embeddable":true,"href":"https:\/\/projectes.xtec.cat\/bescat\/wp-json\/wp\/v2\/users\/133"}],"replies":[{"embeddable":true,"href":"https:\/\/projectes.xtec.cat\/bescat\/wp-json\/wp\/v2\/comments?post=12773"}],"version-history":[{"count":3,"href":"https:\/\/projectes.xtec.cat\/bescat\/wp-json\/wp\/v2\/posts\/12773\/revisions"}],"predecessor-version":[{"id":12777,"href":"https:\/\/projectes.xtec.cat\/bescat\/wp-json\/wp\/v2\/posts\/12773\/revisions\/12777"}],"wp:featuredmedia":[{"embeddable":true,"href":"https:\/\/projectes.xtec.cat\/bescat\/wp-json\/wp\/v2\/media\/12776"}],"wp:attachment":[{"href":"https:\/\/projectes.xtec.cat\/bescat\/wp-json\/wp\/v2\/media?parent=12773"}],"wp:term":[{"taxonomy":"category","embeddable":true,"href":"https:\/\/projectes.xtec.cat\/bescat\/wp-json\/wp\/v2\/categories?post=12773"},{"taxonomy":"post_tag","embeddable":true,"href":"https:\/\/projectes.xtec.cat\/bescat\/wp-json\/wp\/v2\/tags?post=12773"}],"curies":[{"name":"wp","href":"https:\/\/api.w.org\/{rel}","templated":true}]}}